{"id":84,"date":"2026-09-04T12:44:31","date_gmt":"2026-09-04T12:44:31","guid":{"rendered":"https:\/\/prosdelanature.fr\/blog\/auto-entrepreneur-naturopathe\/"},"modified":"2026-09-04T12:44:31","modified_gmt":"2026-09-04T12:44:31","slug":"auto-entrepreneur-naturopathe","status":"publish","type":"post","link":"https:\/\/prosdelanature.fr\/blog\/auto-entrepreneur-naturopathe\/","title":{"rendered":"Statut auto-entrepreneur naturopathe : code APE et URSSAF"},"content":{"rendered":"<p class=\"wp-block-paragraph\">Le statut d\u2019<strong>auto-entrepreneur naturopathe<\/strong> rel\u00e8ve en pratique d\u2019une <strong>activit\u00e9 lib\u00e9rale<\/strong> d\u00e9clar\u00e9e sur le guichet unique de l\u2019INPI. L\u2019INSEE attribue ensuite un code APE, souvent 8690F, sans que ce code transforme l\u2019activit\u00e9 en profession m\u00e9dicale ni ne donne un droit particulier sur les intitul\u00e9s, actes ou communications commerciales.<\/p>\n\n<p class=\"wp-block-paragraph\"><strong>En bref.<\/strong><\/p>\n\n<ul class=\"wp-block-list\"><li>La cr\u00e9ation se fait sur le <a href=\"https:\/\/procedures.inpi.fr\/\" target=\"_blank\" rel=\"noopener\">guichet unique de l\u2019INPI<\/a>, et non par une inscription directe aupr\u00e8s d\u2019un ancien CFE.<\/li><li>Le code APE <strong>8690F<\/strong> peut \u00eatre attribu\u00e9, mais il est d\u00e9cid\u00e9 par l\u2019INSEE selon la d\u00e9claration d\u00e9pos\u00e9e et peut \u00eatre rectifi\u00e9 si l\u2019activit\u00e9 r\u00e9ellement exerc\u00e9e est mal d\u00e9crite.<\/li><li>Le r\u00e9gime micro-social applique des cotisations calcul\u00e9es sur le chiffre d\u2019affaires encaiss\u00e9, d\u00e9clar\u00e9 \u00e0 l\u2019<strong>URSSAF<\/strong> chaque mois ou chaque trimestre.<\/li><li>Un code APE relevant des activit\u00e9s de sant\u00e9 humaine ne conf\u00e8re pas le statut de professionnel de sant\u00e9 et ne prot\u00e8ge pas le titre de naturopathe.<\/li><li>La d\u00e9claration administrative, les factures, les mentions du site et l\u2019assurance responsabilit\u00e9 civile doivent d\u00e9crire une activit\u00e9 non m\u00e9dicale avec une grande pr\u00e9cision.<\/li><\/ul>\n\n<p class=\"wp-block-paragraph\">Ce contenu traite de l\u2019installation administrative du praticien ind\u00e9pendant, du r\u00e9gime social, du code APE et des obligations d\u00e9claratives. Il ne porte ni sur les m\u00e9thodes employ\u00e9es, ni sur leurs effets, ni sur les produits susceptibles d\u2019\u00eatre propos\u00e9s \u00e0 la client\u00e8le.<\/p>\n\n<div id=\"ez-toc-container\" class=\"ez-toc-v2_0_87 counter-hierarchy ez-toc-counter ez-toc-grey ez-toc-container-direction\">\n<div class=\"ez-toc-title-container\">\n<p class=\"ez-toc-title\" style=\"cursor:inherit\">Sommaire<\/p>\n<span class=\"ez-toc-title-toggle\"><a href=\"#\" class=\"ez-toc-pull-right ez-toc-btn ez-toc-btn-xs ez-toc-btn-default ez-toc-toggle\" aria-label=\"Toggle Table of Content\"><span class=\"ez-toc-js-icon-con\"><span class=\"\"><span class=\"eztoc-hide\" style=\"display:none;\">Toggle<\/span><span class=\"ez-toc-icon-toggle-span\"><svg style=\"fill: #999;color:#999\" xmlns=\"http:\/\/www.w3.org\/2000\/svg\" class=\"list-377408\" width=\"20px\" height=\"20px\" viewBox=\"0 0 24 24\" fill=\"none\"><path d=\"M6 6H4v2h2V6zm14 0H8v2h12V6zM4 11h2v2H4v-2zm16 0H8v2h12v-2zM4 16h2v2H4v-2zm16 0H8v2h12v-2z\" fill=\"currentColor\"><\/path><\/svg><svg style=\"fill: #999;color:#999\" class=\"arrow-unsorted-368013\" xmlns=\"http:\/\/www.w3.org\/2000\/svg\" width=\"10px\" height=\"10px\" viewBox=\"0 0 24 24\" version=\"1.2\" baseProfile=\"tiny\"><path d=\"M18.2 9.3l-6.2-6.3-6.2 6.3c-.2.2-.3.4-.3.7s.1.5.3.7c.2.2.4.3.7.3h11c.3 0 .5-.1.7-.3.2-.2.3-.5.3-.7s-.1-.5-.3-.7zM5.8 14.7l6.2 6.3 6.2-6.3c.2-.2.3-.5.3-.7s-.1-.5-.3-.7c-.2-.2-.4-.3-.7-.3h-11c-.3 0-.5.1-.7.3-.2.2-.3.5-.3.7s.1.5.3.7z\"\/><\/svg><\/span><\/span><\/span><\/a><\/span><\/div>\n<nav><ul class='ez-toc-list ez-toc-list-level-1 eztoc-toggle-hide-by-default' ><li class='ez-toc-page-1 ez-toc-heading-level-2'><a class=\"ez-toc-link ez-toc-heading-1\" href=\"https:\/\/prosdelanature.fr\/blog\/auto-entrepreneur-naturopathe\/#Quel_statut_choisir_pour_exercer_comme_auto-entrepreneur_naturopathe\" >Quel statut choisir pour exercer comme auto-entrepreneur naturopathe\u00a0?<\/a><\/li><li class='ez-toc-page-1 ez-toc-heading-level-2'><a class=\"ez-toc-link ez-toc-heading-2\" href=\"https:\/\/prosdelanature.fr\/blog\/auto-entrepreneur-naturopathe\/#Comment_declarer_une_activite_liberale_de_naturopathe_sur_le_guichet_unique\" >Comment d\u00e9clarer une activit\u00e9 lib\u00e9rale de naturopathe sur le guichet unique\u00a0?<\/a><\/li><li class='ez-toc-page-1 ez-toc-heading-level-2'><a class=\"ez-toc-link ez-toc-heading-3\" href=\"https:\/\/prosdelanature.fr\/blog\/auto-entrepreneur-naturopathe\/#Quel_code_APE_pour_un_auto-entrepreneur_naturopathe_et_a_quoi_sert-il\" >Quel code APE pour un auto-entrepreneur naturopathe et \u00e0 quoi sert-il\u00a0?<\/a><\/li><li class='ez-toc-page-1 ez-toc-heading-level-2'><a class=\"ez-toc-link ez-toc-heading-4\" href=\"https:\/\/prosdelanature.fr\/blog\/auto-entrepreneur-naturopathe\/#Comment_declarer_son_chiffre_daffaires_de_naturopathe_a_lURSSAF\" >Comment d\u00e9clarer son chiffre d\u2019affaires de naturopathe \u00e0 l\u2019URSSAF\u00a0?<\/a><\/li><li class='ez-toc-page-1 ez-toc-heading-level-2'><a class=\"ez-toc-link ez-toc-heading-5\" href=\"https:\/\/prosdelanature.fr\/blog\/auto-entrepreneur-naturopathe\/#Quelles_mentions_proteger_avant_de_facturer_avec_un_statut_de_naturopathe\" >Quelles mentions prot\u00e9ger avant de facturer avec un statut de naturopathe\u00a0?<\/a><\/li><\/ul><\/nav><\/div>\n<h2 class=\"wp-block-heading\"><span class=\"ez-toc-section\" id=\"Quel_statut_choisir_pour_exercer_comme_auto-entrepreneur_naturopathe\"><\/span>Quel statut choisir pour exercer comme auto-entrepreneur naturopathe\u00a0?<span class=\"ez-toc-section-end\"><\/span><\/h2>\n\n<p class=\"wp-block-paragraph\">Pour d\u00e9marrer seul, sans associ\u00e9 et avec une structure de frais limit\u00e9e, la <strong>micro-entreprise<\/strong> est le statut le plus fr\u00e9quemment retenu pour une activit\u00e9 de naturopathe. Elle n\u2019est pas une forme juridique distincte. Il s\u2019agit d\u2019un r\u00e9gime simplifi\u00e9 applicable \u00e0 l\u2019entreprise individuelle, avec une comptabilit\u00e9 r\u00e9duite et des pr\u00e9l\u00e8vements calcul\u00e9s sur les recettes encaiss\u00e9es.<\/p>\n\n<p class=\"wp-block-paragraph\">La personne qui d\u00e9clare cette activit\u00e9 exerce g\u00e9n\u00e9ralement sous le r\u00e9gime fiscal des b\u00e9n\u00e9fices non commerciaux. L\u2019administration classe alors l\u2019activit\u00e9 parmi les prestations de services ou professions lib\u00e9rales non r\u00e9glement\u00e9es, selon la description transmise au moment de la d\u00e9claration d\u2019activit\u00e9. Ce classement administratif ne doit pas \u00eatre confondu avec une qualification professionnelle r\u00e9glement\u00e9e.<\/p>\n\n<p class=\"wp-block-paragraph\">Le mot naturopathe n\u2019est pas un titre prot\u00e9g\u00e9 par le Code de la sant\u00e9 publique. L\u2019article L.4161-1 de ce code, consult\u00e9 sur <a href=\"https:\/\/www.legifrance.gouv.fr\/codes\/article_lc\/LEGIARTI000006687881\" target=\"_blank\" rel=\"noopener\">L\u00e9gifrance<\/a> le <strong>15 janvier 2026<\/strong>, vise notamment le diagnostic et le traitement de maladies lorsqu\u2019ils sont pratiqu\u00e9s habituellement par une personne non habilit\u00e9e. Le risque juridique porte donc sur les actes et les formulations utilis\u00e9es, pas sur la seule ouverture d\u2019une entreprise.<\/p>\n\n<p class=\"wp-block-paragraph\">La micro-entreprise permet d\u2019obtenir un num\u00e9ro SIREN, un num\u00e9ro SIRET pour l\u2019\u00e9tablissement d\u00e9clar\u00e9 et un code APE attribu\u00e9 par l\u2019INSEE. Ces identifiants sont n\u00e9cessaires pour \u00e9mettre des factures, ouvrir certains contrats professionnels et d\u00e9clarer le chiffre d\u2019affaires. Ils ne constituent ni un dipl\u00f4me, ni une autorisation sanitaire, ni une validation du contenu des prestations vendues.<\/p>\n\n<h3 class=\"wp-block-heading\">La micro-entreprise est adapt\u00e9e lorsque les frais restent contenus<\/h3>\n\n<p class=\"wp-block-paragraph\">Le r\u00e9gime devient int\u00e9ressant lorsque les d\u00e9penses professionnelles ne repr\u00e9sentent pas une part trop \u00e9lev\u00e9e des recettes. Les cotisations sociales sont calcul\u00e9es sur le chiffre d\u2019affaires encaiss\u00e9, sans d\u00e9duction des d\u00e9penses r\u00e9elles. Le loyer, la location d\u2019une salle, l\u2019assurance, les logiciels, les d\u00e9placements et la communication restent donc \u00e0 la charge de l\u2019entrepreneur sans r\u00e9duire la base de calcul du r\u00e9gime micro-social.<\/p>\n\n<p class=\"wp-block-paragraph\">Un exemple chiffr\u00e9 permet de lire le m\u00e9canisme. Avec <strong>2\u00a0000\u00a0\u20ac encaiss\u00e9s<\/strong> sur un mois, et un taux de cotisations sociales de <strong>26,1\u00a0%<\/strong> applicable aux professions lib\u00e9rales non r\u00e9glement\u00e9es en 2026 selon le bar\u00e8me publi\u00e9 par <a href=\"https:\/\/www.autoentrepreneur.urssaf.fr\/portail\/accueil\/gerer-mon-auto-entreprise\/mes-cotisations.html\" target=\"_blank\" rel=\"noopener\">autoentrepreneur.urssaf.fr<\/a>, consult\u00e9 le <strong>15 janvier 2026<\/strong>, le pr\u00e9l\u00e8vement social s\u2019\u00e9l\u00e8ve \u00e0 522\u00a0\u20ac. Ce calcul laisse 1\u00a0478\u00a0\u20ac avant les autres frais et avant l\u2019imp\u00f4t sur le revenu.<\/p>\n\n<p class=\"wp-block-paragraph\">La contribution \u00e0 la formation professionnelle s\u2019ajoute aux cotisations. Pour les prestations de services et les professions lib\u00e9rales, le taux publi\u00e9 par l\u2019URSSAF pour 2026 est de <strong>0,2\u00a0%<\/strong> du chiffre d\u2019affaires, sur la m\u00eame page consult\u00e9e le 15 janvier 2026. Sur 2\u00a0000\u00a0\u20ac encaiss\u00e9s, cela repr\u00e9sente 4\u00a0\u20ac.<\/p>\n\n<p class=\"wp-block-paragraph\">Le chiffre d\u2019affaires annuel ne doit pas d\u00e9passer le seuil du r\u00e9gime micro applicable aux prestations de services. Le seuil de <strong>83\u00a0600\u00a0\u20ac<\/strong> est celui pr\u00e9sent\u00e9 pour 2026 par le portail officiel <a href=\"https:\/\/entreprendre.service-public.fr\/vosdroits\/F23266\" target=\"_blank\" rel=\"noopener\">Service-Public.fr<\/a>, consult\u00e9 le <strong>15 janvier 2026<\/strong>. Ce plafond concerne le maintien dans le r\u00e9gime micro et ne doit pas \u00eatre confondu avec les seuils de franchise en base de TVA, qui ob\u00e9issent \u00e0 leurs propres r\u00e8gles.<\/p>\n\n<p class=\"wp-block-paragraph\">Un praticien qui loue un cabinet \u00e0 temps plein, emploie du personnel ou ach\u00e8te r\u00e9guli\u00e8rement des prestations co\u00fbteuses doit faire les calculs avant de choisir ce r\u00e9gime. Ce point doit \u00eatre tranch\u00e9 avec un <strong>expert-comptable<\/strong>. Il faut lui apporter le chiffre d\u2019affaires pr\u00e9visionnel, le montant annuel des frais et le mode d\u2019exercice pr\u00e9vu, \u00e0 domicile, dans un local ou en location partag\u00e9e.<\/p>\n\n<p class=\"wp-block-paragraph\">La facilit\u00e9 d\u00e9clarative de la micro-entreprise ne corrige pas un mod\u00e8le \u00e9conomique fragile. Les pr\u00e9l\u00e8vements suivent les encaissements, tandis que le loyer et les contrats professionnels tombent m\u00eame pendant les p\u00e9riodes sans recette.<\/p>\n\n<h2 class=\"wp-block-heading\"><span class=\"ez-toc-section\" id=\"Comment_declarer_une_activite_liberale_de_naturopathe_sur_le_guichet_unique\"><\/span>Comment d\u00e9clarer une activit\u00e9 lib\u00e9rale de naturopathe sur le guichet unique\u00a0?<span class=\"ez-toc-section-end\"><\/span><\/h2>\n\n<p class=\"wp-block-paragraph\">Depuis la mise en place du guichet unique, la d\u00e9claration d\u2019activit\u00e9 passe par le site de l\u2019INPI. Le portail \u00e0 utiliser est <a href=\"https:\/\/procedures.inpi.fr\/\" target=\"_blank\" rel=\"noopener\">procedures.inpi.fr<\/a>, consult\u00e9 le <strong>15 janvier 2026<\/strong>. L\u2019ancien centre de formalit\u00e9s des entreprises de l\u2019URSSAF n\u2019est plus le point d\u2019entr\u00e9e pour les cr\u00e9ations ordinaires d\u2019entreprises individuelles.<\/p>\n\n<p class=\"wp-block-paragraph\">La d\u00e9claration demande une date de d\u00e9but, l\u2019adresse de l\u2019\u00e9tablissement, l\u2019option pour le r\u00e9gime micro et une description de l\u2019activit\u00e9. Cette description m\u00e9rite plus d\u2019attention qu\u2019un simple champ administratif. Elle sert \u00e0 l\u2019attribution du code APE et peut \u00eatre examin\u00e9e par une banque, un assureur, un bailleur ou un organisme social.<\/p>\n\n<p class=\"wp-block-paragraph\">Une formulation sobre d\u00e9crit la r\u00e9alit\u00e9 \u00e9conomique de l\u2019activit\u00e9 sans employer de termes m\u00e9dicaux. Elle peut mentionner des prestations de conseil non m\u00e9dical, des rendez-vous individuels ou l\u2019animation d\u2019ateliers d\u2019information, lorsque ces prestations correspondent r\u00e9ellement aux factures \u00e9mises. Elle ne doit pas annoncer de diagnostic, de traitement, de gu\u00e9rison ou de prise en charge de pathologies.<\/p>\n\n<h3 class=\"wp-block-heading\">Les informations \u00e0 pr\u00e9parer avant la d\u00e9claration d\u2019activit\u00e9<\/h3>\n\n<p class=\"wp-block-paragraph\">Le dossier est plus fluide lorsque les \u00e9l\u00e9ments utiles sont rassembl\u00e9s avant la connexion. L\u2019adresse peut \u00eatre le domicile personnel lorsque les r\u00e8gles du bail, de la copropri\u00e9t\u00e9 et de la mairie le permettent. Si un cabinet est lou\u00e9, l\u2019adresse de cet \u00e9tablissement doit correspondre au lieu o\u00f9 l\u2019activit\u00e9 est effectivement exerc\u00e9e ou administr\u00e9e.<\/p>\n\n<ul class=\"wp-block-list\"><li>Une pi\u00e8ce d\u2019identit\u00e9 en cours de validit\u00e9 permet de finaliser la v\u00e9rification demand\u00e9e par le guichet unique.<\/li><li>L\u2019adresse du si\u00e8ge et celle de l\u2019\u00e9tablissement doivent \u00eatre distingu\u00e9es lorsqu\u2019elles ne sont pas identiques.<\/li><li>La date de d\u00e9marrage doit correspondre au d\u00e9but r\u00e9el de l\u2019activit\u00e9 factur\u00e9e ou commercialement propos\u00e9e.<\/li><li>La description doit rester coh\u00e9rente avec les factures, l\u2019assurance responsabilit\u00e9 civile et les mentions du site professionnel.<\/li><li>Le choix entre d\u00e9claration mensuelle et trimestrielle aupr\u00e8s de l\u2019URSSAF doit \u00eatre anticip\u00e9 d\u00e8s l\u2019immatriculation.<\/li><\/ul>\n\n<p class=\"wp-block-paragraph\">Apr\u00e8s validation, plusieurs organismes interviennent. L\u2019INPI transmet les donn\u00e9es au registre national des entreprises, \u00e0 l\u2019INSEE, aux administrations fiscales et \u00e0 l\u2019URSSAF selon la nature de l\u2019activit\u00e9 d\u00e9clar\u00e9e. L\u2019entrepreneur re\u00e7oit ensuite les identifiants de l\u2019entreprise. Le d\u00e9lai varie selon la compl\u00e9tude du dossier et les \u00e9ventuelles demandes de correction.<\/p>\n\n<p class=\"wp-block-paragraph\">Le num\u00e9ro SIREN identifie l\u2019entreprise. Le SIRET identifie chacun de ses \u00e9tablissements. Ces deux num\u00e9ros doivent appara\u00eetre sur les documents commerciaux lorsque les r\u00e8gles de facturation l\u2019exigent. La facture doit \u00e9galement porter la date, un num\u00e9ro unique, les coordonn\u00e9es du vendeur et du client, la d\u00e9signation de la prestation, le prix, ainsi que la mention relative \u00e0 la TVA si l\u2019entreprise est en franchise.<\/p>\n\n<p class=\"wp-block-paragraph\">La franchise en base n\u2019est pas une exon\u00e9ration g\u00e9n\u00e9rale. Elle signifie, sous les seuils applicables, que l\u2019entreprise ne facture pas la TVA et ne la r\u00e9cup\u00e8re pas sur ses achats. La mention \u00ab TVA non applicable, art. 293 B du CGI \u00bb est alors utilis\u00e9e sur les factures. L\u2019article 293 B du Code g\u00e9n\u00e9ral des imp\u00f4ts est accessible sur <a href=\"https:\/\/www.legifrance.gouv.fr\/codes\/article_lc\/LEGIARTI000051209395\" target=\"_blank\" rel=\"noopener\">L\u00e9gifrance<\/a>, consult\u00e9 le <strong>15 janvier 2026<\/strong>.<\/p>\n\n<p class=\"wp-block-paragraph\">Un changement d\u2019adresse, d\u2019activit\u00e9 principale ou de mode d\u2019exercice ne doit pas rester dans un dossier initial devenu obsol\u00e8te. La mise \u00e0 jour passe \u00e9galement par le guichet unique. Elle \u00e9vite que l\u2019URSSAF, l\u2019INSEE, l\u2019assureur et les documents commerciaux d\u00e9crivent quatre activit\u00e9s diff\u00e9rentes.<\/p>\n\n<p class=\"wp-block-paragraph\">La d\u00e9claration d\u2019activit\u00e9 est une photographie administrative de ce qui est r\u00e9ellement vendu. Plus cette photographie est exacte d\u00e8s le premier jour, moins les corrections ult\u00e9rieures deviennent co\u00fbteuses.<\/p>\n\n\n\n<h2 class=\"wp-block-heading\"><span class=\"ez-toc-section\" id=\"Quel_code_APE_pour_un_auto-entrepreneur_naturopathe_et_a_quoi_sert-il\"><\/span>Quel code APE pour un auto-entrepreneur naturopathe et \u00e0 quoi sert-il\u00a0?<span class=\"ez-toc-section-end\"><\/span><\/h2>\n\n<p class=\"wp-block-paragraph\">Le <strong>code APE<\/strong>, aussi appel\u00e9 code NAF, est attribu\u00e9 par l\u2019INSEE apr\u00e8s la cr\u00e9ation de l\u2019entreprise. Il sert \u00e0 classer statistiquement l\u2019activit\u00e9 principale exerc\u00e9e. Il ne s\u2019agit pas d\u2019un choix libre effectu\u00e9 dans une liste, m\u00eame si la description d\u00e9pos\u00e9e sur le guichet unique influence directement la classification retenue.<\/p>\n\n<p class=\"wp-block-paragraph\">Pour les activit\u00e9s de naturopathe d\u00e9clar\u00e9es comme prestations individuelles relevant de la sant\u00e9 humaine au sens statistique, le code <strong>8690F<\/strong>, intitul\u00e9 \u00ab Activit\u00e9s de sant\u00e9 humaine non class\u00e9es ailleurs \u00bb, est fr\u00e9quemment attribu\u00e9. La fiche officielle de cette sous-classe est disponible sur <a href=\"https:\/\/www.insee.fr\/fr\/metadonnees\/nafr2\/sousClasse\/86.90F\" target=\"_blank\" rel=\"noopener\">insee.fr<\/a>, consult\u00e9e le <strong>15 janvier 2026<\/strong>.<\/p>\n\n<p class=\"wp-block-paragraph\">Le classement NAF ne remplace aucune r\u00e8gle professionnelle. Le fait d\u2019\u00eatre rang\u00e9 dans une rubrique comportant les mots \u00ab sant\u00e9 humaine \u00bb ne donne pas le statut de professionnel de sant\u00e9. Il ne permet pas davantage d\u2019employer des formulations r\u00e9serv\u00e9es ou de pr\u00e9senter une prestation comme un acte m\u00e9dical. Cette distinction est particuli\u00e8rement importante sur une plaque, une page de r\u00e9servation et une facture.<\/p>\n\n<h3 class=\"wp-block-heading\">Le code 8690F ne constitue pas une autorisation d\u2019exercice<\/h3>\n\n<p class=\"wp-block-paragraph\">La nomenclature de l\u2019INSEE r\u00e9pond \u00e0 un objectif statistique et \u00e9conomique. Elle permet de regrouper les entreprises par activit\u00e9 afin de produire des donn\u00e9es et d\u2019orienter certaines formalit\u00e9s. Une banque peut demander le code APE pour ouvrir un compte professionnel. Un assureur peut l\u2019utiliser pour \u00e9tablir un devis. Un donneur d\u2019ordre peut aussi le consulter dans les donn\u00e9es de l\u2019entreprise.<\/p>\n\n<p class=\"wp-block-paragraph\">Il ne faut donc pas lire le code 8690F comme un label ni comme une validation des prestations. L\u2019article L.4161-1 du Code de la sant\u00e9 publique reste applicable ind\u00e9pendamment du code attribu\u00e9. Les mots employ\u00e9s dans les documents publics doivent rester compatibles avec une activit\u00e9 non m\u00e9dicale.<\/p>\n\n<p class=\"wp-block-paragraph\">Le tableau suivant reprend les usages r\u00e9els de chaque identifiant. Les informations ont \u00e9t\u00e9 v\u00e9rifi\u00e9es le <strong>15 janvier 2026<\/strong> sur les pages de l\u2019INSEE, du guichet unique et de l\u2019URSSAF cit\u00e9es dans cet article.<\/p>\n\n<figure class=\"wp-block-table\"><table>\n<thead>\n<tr>\n<th>\u00c9l\u00e9ment administratif<\/th>\n<th>Organisme concern\u00e9<\/th>\n<th>Fonction pratique<\/th>\n<th>Ce qu\u2019il ne prouve pas<\/th>\n<\/tr>\n<\/thead>\n<tbody>\n<tr>\n<td><strong>SIREN<\/strong><\/td>\n<td>INSEE<\/td>\n<td>Identifie l\u2019entreprise<\/td>\n<td>Une qualification ou un dipl\u00f4me<\/td>\n<\/tr>\n<tr>\n<td><strong>SIRET<\/strong><\/td>\n<td>INSEE<\/td>\n<td>Identifie l\u2019\u00e9tablissement d\u00e9clar\u00e9<\/td>\n<td>Le droit d\u2019exercer une profession r\u00e9glement\u00e9e<\/td>\n<\/tr>\n<tr>\n<td><strong>Code APE 8690F<\/strong><\/td>\n<td>INSEE<\/td>\n<td>Classe l\u2019activit\u00e9 principale \u00e0 des fins statistiques<\/td>\n<td>Un statut de professionnel de sant\u00e9<\/td>\n<\/tr>\n<tr>\n<td><strong>Compte URSSAF<\/strong><\/td>\n<td>URSSAF<\/td>\n<td>Permet de d\u00e9clarer et payer les recettes encaiss\u00e9es<\/td>\n<td>Une autorisation commerciale ou m\u00e9dicale<\/td>\n<\/tr>\n<\/tbody>\n<\/table><\/figure>\n\n<p class=\"wp-block-paragraph\">Un mauvais code APE peut poser des difficult\u00e9s concr\u00e8tes. Un assureur peut refuser de couvrir l\u2019activit\u00e9 si le questionnaire d\u00e9crit une prestation diff\u00e9rente de celle figurant dans la base SIRENE. Un logiciel de facturation peut proposer une cat\u00e9gorie inadapt\u00e9e. Un interlocuteur peut \u00e9galement d\u00e9duire, \u00e0 tort, que le code donne un droit particulier.<\/p>\n\n<p class=\"wp-block-paragraph\">Lorsque le code semble incoh\u00e9rent, une demande de modification peut \u00eatre adress\u00e9e \u00e0 l\u2019INSEE. La proc\u00e9dure est d\u00e9crite sur <a href=\"https:\/\/www.insee.fr\/fr\/information\/2015441\" target=\"_blank\" rel=\"noopener\">la page consacr\u00e9e \u00e0 la modification du code APE<\/a>, consult\u00e9e le <strong>15 janvier 2026<\/strong>. Il faut d\u00e9crire l\u2019activit\u00e9 principale r\u00e9ellement exerc\u00e9e, joindre les \u00e9l\u00e9ments demand\u00e9s et conserver une copie de la demande.<\/p>\n\n<p class=\"wp-block-paragraph\">Entre un code APE flatteur et un code APE fid\u00e8le \u00e0 l\u2019activit\u00e9 d\u00e9clar\u00e9e, le second doit toujours \u00eatre retenu. L\u2019enjeu n\u2019est pas d\u2019obtenir une apparence professionnelle, mais de faire co\u00efncider les registres, les contrats et les documents de vente.<\/p>\n\n<h2 class=\"wp-block-heading\"><span class=\"ez-toc-section\" id=\"Comment_declarer_son_chiffre_daffaires_de_naturopathe_a_lURSSAF\"><\/span>Comment d\u00e9clarer son chiffre d\u2019affaires de naturopathe \u00e0 l\u2019URSSAF\u00a0?<span class=\"ez-toc-section-end\"><\/span><\/h2>\n\n<p class=\"wp-block-paragraph\">L\u2019<strong>URSSAF<\/strong> ne pr\u00e9l\u00e8ve pas les cotisations sociales sur le montant factur\u00e9, mais sur le montant effectivement encaiss\u00e9. Une facture \u00e9mise en janvier et pay\u00e9e en mars entre donc dans la d\u00e9claration correspondant \u00e0 mars, ou au trimestre contenant mars selon la p\u00e9riodicit\u00e9 choisie. Cette r\u00e8gle de tr\u00e9sorerie doit \u00eatre comprise avant la premi\u00e8re d\u00e9claration.<\/p>\n\n<p class=\"wp-block-paragraph\">Le compte d\u00e9claratif est accessible sur <a href=\"https:\/\/www.autoentrepreneur.urssaf.fr\/\" target=\"_blank\" rel=\"noopener\">autoentrepreneur.urssaf.fr<\/a>, consult\u00e9 le <strong>15 janvier 2026<\/strong>. L\u2019entrepreneur choisit une d\u00e9claration mensuelle ou trimestrielle. Le choix mensuel convient lorsque les recettes sont r\u00e9guli\u00e8res et que la personne pr\u00e9f\u00e8re \u00e9taler les paiements. Le rythme trimestriel laisse davantage de tr\u00e9sorerie provisoire, mais le pr\u00e9l\u00e8vement est plus \u00e9lev\u00e9 \u00e0 chaque \u00e9ch\u00e9ance.<\/p>\n\n<p class=\"wp-block-paragraph\">Une d\u00e9claration \u00e0 z\u00e9ro reste obligatoire lorsqu\u2019aucune recette n\u2019a \u00e9t\u00e9 encaiss\u00e9e. L\u2019absence de d\u00e9claration expose \u00e0 des p\u00e9nalit\u00e9s, m\u00eame si aucun paiement n\u2019est d\u00fb. La page URSSAF consacr\u00e9e aux d\u00e9clarations de chiffre d\u2019affaires, consult\u00e9e le 15 janvier 2026, pr\u00e9cise les \u00e9ch\u00e9ances et les modalit\u00e9s de r\u00e9gularisation en cas d\u2019oubli.<\/p>\n\n<h3 class=\"wp-block-heading\">Lire les cotisations sociales ligne par ligne<\/h3>\n\n<p class=\"wp-block-paragraph\">Pour une activit\u00e9 lib\u00e9rale non r\u00e9glement\u00e9e relevant du r\u00e9gime g\u00e9n\u00e9ral, le taux de cotisations sociales indiqu\u00e9 par l\u2019URSSAF pour 2026 est de <strong>26,1\u00a0%<\/strong> du chiffre d\u2019affaires. Ce pourcentage finance notamment la couverture maladie-maternit\u00e9, les allocations familiales, la retraite de base, la retraite compl\u00e9mentaire et les contributions sociales. Le montant n\u2019est pas une r\u00e9serve disponible pour l\u2019entreprise.<\/p>\n\n<p class=\"wp-block-paragraph\">Sur une recette trimestrielle de <strong>6\u00a0000\u00a0\u20ac<\/strong>, les cotisations sociales repr\u00e9sentent 1\u00a0566\u00a0\u20ac au taux de 26,1\u00a0%. La contribution \u00e0 la formation professionnelle de 0,2\u00a0% ajoute 12\u00a0\u20ac. Le total vers\u00e9 est donc de <strong>1\u00a0578\u00a0\u20ac<\/strong>, avant imp\u00f4t sur le revenu et avant les d\u00e9penses professionnelles. Cette d\u00e9monstration repose sur les taux URSSAF relev\u00e9s le 15 janvier 2026.<\/p>\n\n<p class=\"wp-block-paragraph\">Le versement lib\u00e9ratoire de l\u2019imp\u00f4t sur le revenu peut \u00eatre choisi sous conditions de revenu fiscal de r\u00e9f\u00e9rence. Il ajoute un pourcentage de chiffre d\u2019affaires au paiement URSSAF. La d\u00e9cision ne se prend pas sur la seule promesse de simplicit\u00e9. Elle d\u00e9pend du foyer fiscal, des autres revenus et des charges d\u00e9ductibles auxquelles l\u2019entrepreneur renonce dans le r\u00e9gime micro.<\/p>\n\n<p class=\"wp-block-paragraph\">Ce point-l\u00e0 doit \u00eatre pos\u00e9 avec un <strong>expert-comptable<\/strong> ou un conseiller fiscal. Il faut apporter l\u2019avis d\u2019imp\u00f4t du foyer, le chiffre d\u2019affaires attendu, les d\u00e9penses fixes et le choix envisag\u00e9 entre pr\u00e9l\u00e8vement lib\u00e9ratoire et imposition classique. Sans ces quatre documents, le calcul est incomplet.<\/p>\n\n<p class=\"wp-block-paragraph\">Le compte URSSAF doit aussi \u00eatre utilis\u00e9 pour t\u00e9l\u00e9charger les attestations de vigilance lorsque l\u2019activit\u00e9 le justifie, suivre les paiements et v\u00e9rifier les coordonn\u00e9es bancaires. Les pr\u00e9l\u00e8vements sociaux sont une charge pr\u00e9visible. Ils deviennent un probl\u00e8me lorsque la recette encaiss\u00e9e a d\u00e9j\u00e0 \u00e9t\u00e9 d\u00e9pens\u00e9e avant l\u2019\u00e9ch\u00e9ance d\u00e9clarative.<\/p>\n\n<p class=\"wp-block-paragraph\">La gestion la plus prudente consiste \u00e0 isoler une part de chaque paiement re\u00e7u. Sur 100\u00a0\u20ac encaiss\u00e9s, mettre de c\u00f4t\u00e9 27\u00a0\u20ac couvre approximativement les cotisations et la contribution formation au taux cit\u00e9, hors imp\u00f4t. Ce montant ne constitue pas un r\u00e9sultat comptable, mais une r\u00e9serve de paiement.<\/p>\n\n<p class=\"wp-block-paragraph\">Le r\u00e9gime social de la micro-entreprise r\u00e9compense la discipline d\u2019encaissement. Une facture impay\u00e9e ne g\u00e9n\u00e8re pas de cotisation, mais une facture r\u00e9gl\u00e9e doit imm\u00e9diatement \u00eatre consid\u00e9r\u00e9e comme partiellement due \u00e0 l\u2019URSSAF.<\/p>\n\n\n\n<h2 class=\"wp-block-heading\"><span class=\"ez-toc-section\" id=\"Quelles_mentions_proteger_avant_de_facturer_avec_un_statut_de_naturopathe\"><\/span>Quelles mentions prot\u00e9ger avant de facturer avec un statut de naturopathe\u00a0?<span class=\"ez-toc-section-end\"><\/span><\/h2>\n\n<p class=\"wp-block-paragraph\">La cr\u00e9ation administrative ne suffit pas \u00e0 s\u00e9curiser l\u2019activit\u00e9. Les mots utilis\u00e9s sur une facture, une page de pr\u00e9sentation, un formulaire de prise de rendez-vous ou une plaque professionnelle doivent rester coh\u00e9rents avec le statut d\u00e9clar\u00e9. Une entreprise peut facturer une prestation de service, mais elle ne peut pas pr\u00e9senter cette prestation comme un diagnostic ou un traitement m\u00e9dical sans entrer sur un terrain r\u00e9serv\u00e9.<\/p>\n\n<p class=\"wp-block-paragraph\">L\u2019article L.4161-1 du Code de la sant\u00e9 publique, consult\u00e9 sur L\u00e9gifrance le <strong>15 janvier 2026<\/strong>, doit \u00eatre relu avant toute r\u00e9daction commerciale. Le texte vise notamment le fait de participer habituellement \u00e0 l\u2019\u00e9tablissement d\u2019un diagnostic ou au traitement de maladies. Le risque ne dispara\u00eet pas parce que la personne exerce en micro-entreprise, d\u00e9tient un SIRET ou poss\u00e8de le code APE 8690F.<\/p>\n\n<p class=\"wp-block-paragraph\">La Direction g\u00e9n\u00e9rale de la concurrence, de la consommation et de la r\u00e9pression des fraudes rappelle que les pratiques commerciales trompeuses sont interdites. L\u2019article L.121-2 du Code de la consommation, consult\u00e9 sur <a href=\"https:\/\/www.legifrance.gouv.fr\/codes\/article_lc\/LEGIARTI000045292862\" target=\"_blank\" rel=\"noopener\">L\u00e9gifrance<\/a> le <strong>15 janvier 2026<\/strong>, vise les all\u00e9gations ou pr\u00e9sentations susceptibles d\u2019induire le consommateur en erreur sur les caract\u00e9ristiques du service propos\u00e9.<\/p>\n\n<h3 class=\"wp-block-heading\">La responsabilit\u00e9 civile professionnelle doit correspondre aux prestations d\u00e9crites<\/h3>\n\n<p class=\"wp-block-paragraph\">La responsabilit\u00e9 civile professionnelle n\u2019est pas impos\u00e9e par un texte g\u00e9n\u00e9ral \u00e0 tous les praticiens non m\u00e9dicaux. Elle reste toutefois un contrat \u00e0 examiner avant le d\u00e9but des prestations. La prime ne suffit pas \u00e0 comparer deux offres. Les exclusions, les activit\u00e9s garanties, les plafonds et la d\u00e9fense-recours comptent davantage que l\u2019intitul\u00e9 commercial du contrat.<\/p>\n\n<p class=\"wp-block-paragraph\">Le point le plus sensible appara\u00eet lorsque les conditions g\u00e9n\u00e9rales excluent les actes non reconnus par la m\u00e9decine conventionnelle ou les activit\u00e9s relevant de pratiques non r\u00e9glement\u00e9es. Une telle exclusion peut r\u00e9duire fortement l\u2019int\u00e9r\u00eat du contrat pour un naturopathe. Le code APE d\u00e9clar\u00e9 doit \u00eatre fourni \u00e0 l\u2019assureur, mais il ne garantit pas que l\u2019activit\u00e9 sera couverte.<\/p>\n\n<p class=\"wp-block-paragraph\">Avant de signer, il faut demander les conditions g\u00e9n\u00e9rales compl\u00e8tes, la notice d\u2019information et une confirmation \u00e9crite que les prestations r\u00e9ellement factur\u00e9es entrent dans le champ garanti. La question doit \u00eatre formul\u00e9e avec les mots utilis\u00e9s sur les devis, les factures et le site. Un contrat couvrant \u00ab conseil \u00bb mais excluant les consultations individuelles ne r\u00e9pond pas au m\u00eame besoin.<\/p>\n\n<p class=\"wp-block-paragraph\">Un courtier ou un assureur doit trancher ce point, documents \u00e0 l\u2019appui. Il faut lui transmettre la description exacte de l\u2019activit\u00e9, le code APE re\u00e7u, le projet de facture et les prestations pr\u00e9vues. Une r\u00e9ponse orale non reprise dans les conditions particuli\u00e8res prot\u00e8ge mal en cas de litige.<\/p>\n\n<h3 class=\"wp-block-heading\">Les factures et donn\u00e9es clients doivent rester administrativement propres<\/h3>\n\n<p class=\"wp-block-paragraph\">Une facture bien tenue r\u00e9duit les ambigu\u00eft\u00e9s. Elle doit d\u00e9signer la prestation sans vocabulaire m\u00e9dical, porter le prix et la date, puis conserver une num\u00e9rotation continue. La conservation des pi\u00e8ces comptables permet de justifier les recettes d\u00e9clar\u00e9es \u00e0 l\u2019URSSAF et de suivre les paiements r\u00e9ellement encaiss\u00e9s.<\/p>\n\n<p class=\"wp-block-paragraph\">Les informations recueillies aupr\u00e8s des clients doivent \u00e9galement \u00eatre limit\u00e9es \u00e0 ce qui est utile \u00e0 l\u2019organisation commerciale et administrative. Le R\u00e8glement g\u00e9n\u00e9ral sur la protection des donn\u00e9es impose une information claire des personnes concern\u00e9es et une base l\u00e9gale pour le traitement. La CNIL pr\u00e9sente les obligations des professionnels sur <a href=\"https:\/\/www.cnil.fr\/fr\/comprendre-le-rgpd\" target=\"_blank\" rel=\"noopener\">cnil.fr<\/a>, consult\u00e9 le <strong>15 janvier 2026<\/strong>.<\/p>\n\n<p class=\"wp-block-paragraph\">Un formulaire demandant des donn\u00e9es d\u00e9taill\u00e9es sur l\u2019\u00e9tat de sant\u00e9 appelle une vigilance renforc\u00e9e. Les donn\u00e9es de sant\u00e9 rel\u00e8vent d\u2019une cat\u00e9gorie particuli\u00e8re au sens du RGPD. Pour l\u2019organisation des rendez-vous et la facturation, la collecte doit rester proportionn\u00e9e. Un juriste sp\u00e9cialis\u00e9 en donn\u00e9es personnelles doit \u00eatre consult\u00e9 si un dossier structur\u00e9, un questionnaire d\u00e9taill\u00e9 ou un outil de suivi est envisag\u00e9.<\/p>\n\n<p class=\"wp-block-paragraph\">La coh\u00e9rence administrative se joue dans les d\u00e9tails. Une description mesur\u00e9e sur le guichet unique, une facture pr\u00e9cise, un contrat d\u2019assurance lisible et une communication sans promesse m\u00e9dicale forment un ensemble beaucoup plus solide qu\u2019un code APE consid\u00e9r\u00e9 \u00e0 tort comme une garantie.<\/p>\n\n<script type=\"application\/ld+json\">\n{\"@context\":\"https:\/\/schema.org\",\"@type\":\"FAQPage\",\"mainEntity\":[{\"@type\":\"Question\",\"name\":\"Le code APE 8690F est-il obligatoire pour un auto-entrepreneur naturopathe ?\",\"acceptedAnswer\":{\"@type\":\"Answer\",\"text\":\"Non. Le code APE est attribuu00e9 par lu2019INSEE apru00e8s lu2019examen de lu2019activitu00e9 du00e9claru00e9e. Le 8690F est fru00e9quent, mais il nu2019est pas choisi librement et ne constitue pas une autorisation du2019exercice.\"}},{\"@type\":\"Question\",\"name\":\"Faut-il cru00e9er son activitu00e9 aupru00e8s de lu2019URSSAF ?\",\"acceptedAnswer\":{\"@type\":\"Answer\",\"text\":\"La du00e9claration du2019activitu00e9 su2019effectue sur le guichet unique gu00e9ru00e9 par lu2019INPI. Lu2019URSSAF intervient ensuite pour lu2019affiliation, les du00e9clarations de chiffre du2019affaires et le paiement des cotisations sociales.\"}},{\"@type\":\"Question\",\"name\":\"Quel montant du00e9clarer u00e0 lu2019URSSAF en micro-entreprise ?\",\"acceptedAnswer\":{\"@type\":\"Answer\",\"text\":\"Il faut du00e9clarer le chiffre du2019affaires effectivement encaissu00e9 pendant la pu00e9riode concernu00e9e. Une facture non ru00e9glu00e9e nu2019entre pas encore dans la du00e9claration micro-sociale.\"}},{\"@type\":\"Question\",\"name\":\"Le code APE permet-il du2019utiliser le titre de professionnel de santu00e9 ?\",\"acceptedAnswer\":{\"@type\":\"Answer\",\"text\":\"Non. Le code APE est une classification statistique de lu2019INSEE. Il ne confu00e8re pas de titre protu00e9gu00e9, de qualification mu00e9dicale ni de droit u00e0 u00e9tablir un diagnostic ou traiter une maladie.\"}}]}\n<\/script>\n<h3>Le code APE 8690F est-il obligatoire pour un auto-entrepreneur naturopathe ?<\/h3>\n<p>Non. Le code APE est attribu\u00e9 par l\u2019INSEE apr\u00e8s l\u2019examen de l\u2019activit\u00e9 d\u00e9clar\u00e9e. Le 8690F est fr\u00e9quent, mais il n\u2019est pas choisi librement et ne constitue pas une autorisation d\u2019exercice.<\/p>\n<h3>Faut-il cr\u00e9er son activit\u00e9 aupr\u00e8s de l\u2019URSSAF ?<\/h3>\n<p>La d\u00e9claration d\u2019activit\u00e9 s\u2019effectue sur le guichet unique g\u00e9r\u00e9 par l\u2019INPI. L\u2019URSSAF intervient ensuite pour l\u2019affiliation, les d\u00e9clarations de chiffre d\u2019affaires et le paiement des cotisations sociales.<\/p>\n<h3>Quel montant d\u00e9clarer \u00e0 l\u2019URSSAF en micro-entreprise ?<\/h3>\n<p>Il faut d\u00e9clarer le chiffre d\u2019affaires effectivement encaiss\u00e9 pendant la p\u00e9riode concern\u00e9e. Une facture non r\u00e9gl\u00e9e n\u2019entre pas encore dans la d\u00e9claration micro-sociale.<\/p>\n<h3>Le code APE permet-il d\u2019utiliser le titre de professionnel de sant\u00e9 ?<\/h3>\n<p>Non. Le code APE est une classification statistique de l\u2019INSEE. Il ne conf\u00e8re pas de titre prot\u00e9g\u00e9, de qualification m\u00e9dicale ni de droit \u00e0 \u00e9tablir un diagnostic ou traiter une maladie.<\/p>\n\n","protected":false},"excerpt":{"rendered":"<p>Le statut d\u2019auto-entrepreneur naturopathe rel\u00e8ve en pratique d\u2019une activit\u00e9 lib\u00e9rale d\u00e9clar\u00e9e sur le guichet unique de l\u2019INPI. L\u2019INSEE attribue ensuite un code APE, souvent 8690F, sans que ce code transforme l\u2019activit\u00e9 en profession m\u00e9dicale ni ne donne un droit particulier sur les intitul\u00e9s, actes ou communications commerciales. En bref. Ce contenu traite de l\u2019installation administrative [&hellip;]<\/p>\n","protected":false},"author":1,"featured_media":0,"comment_status":"open","ping_status":"closed","sticky":false,"template":"","format":"standard","meta":{"footnotes":""},"categories":[17],"tags":[],"class_list":["post-84","post","type-post","status-publish","format-standard","hentry","category-le-cadre-legal-du-praticien"],"_links":{"self":[{"href":"https:\/\/prosdelanature.fr\/blog\/wp-json\/wp\/v2\/posts\/84","targetHints":{"allow":["GET"]}}],"collection":[{"href":"https:\/\/prosdelanature.fr\/blog\/wp-json\/wp\/v2\/posts"}],"about":[{"href":"https:\/\/prosdelanature.fr\/blog\/wp-json\/wp\/v2\/types\/post"}],"author":[{"embeddable":true,"href":"https:\/\/prosdelanature.fr\/blog\/wp-json\/wp\/v2\/users\/1"}],"replies":[{"embeddable":true,"href":"https:\/\/prosdelanature.fr\/blog\/wp-json\/wp\/v2\/comments?post=84"}],"version-history":[{"count":0,"href":"https:\/\/prosdelanature.fr\/blog\/wp-json\/wp\/v2\/posts\/84\/revisions"}],"wp:attachment":[{"href":"https:\/\/prosdelanature.fr\/blog\/wp-json\/wp\/v2\/media?parent=84"}],"wp:term":[{"taxonomy":"category","embeddable":true,"href":"https:\/\/prosdelanature.fr\/blog\/wp-json\/wp\/v2\/categories?post=84"},{"taxonomy":"post_tag","embeddable":true,"href":"https:\/\/prosdelanature.fr\/blog\/wp-json\/wp\/v2\/tags?post=84"}],"curies":[{"name":"wp","href":"https:\/\/api.w.org\/{rel}","templated":true}]}}