{"id":85,"date":"2026-09-04T12:46:38","date_gmt":"2026-09-04T12:46:38","guid":{"rendered":"https:\/\/prosdelanature.fr\/blog\/assurance-rc-praticien\/"},"modified":"2026-09-04T12:46:38","modified_gmt":"2026-09-04T12:46:38","slug":"assurance-rc-praticien","status":"publish","type":"post","link":"https:\/\/prosdelanature.fr\/blog\/assurance-rc-praticien\/","title":{"rendered":"Assurance RC pro du praticien : garanties et exclusions r\u00e9elles"},"content":{"rendered":"<p class=\"wp-block-paragraph\">Une Assurance RC professionnelle peut prot\u00e9ger un praticien non m\u00e9decin contre une r\u00e9clamation d\u2019un client, mais elle n\u2019est utile que si l\u2019activit\u00e9 r\u00e9ellement d\u00e9clar\u00e9e figure au contrat. Les garanties affich\u00e9es comptent moins que les exclusions, les plafonds, la franchise et la date \u00e0 laquelle l\u2019assureur accepte une r\u00e9clamation.<\/p>\n\n<p class=\"wp-block-paragraph\"><strong>En bref<\/strong><\/p>\n\n<ul class=\"wp-block-list\"><li><strong>L\u2019article L.1142-2 du Code de la sant\u00e9 publique ne vise pas les praticiens non m\u00e9dicaux<\/strong> et ne cr\u00e9e donc pas, pour eux, une obligation g\u00e9n\u00e9rale de RC Pro.<\/li><li>Une Responsabilit\u00e9 civile peut couvrir un dommage caus\u00e9 \u00e0 un tiers, mais elle ne garantit ni une promesse commerciale imprudente ni un acte exclu du contrat.<\/li><li><strong>L\u2019exclusion des actes non reconnus par la m\u00e9decine conventionnelle<\/strong> peut retirer une part consid\u00e9rable de l\u2019int\u00e9r\u00eat d\u2019une police destin\u00e9e \u00e0 un praticien en bien-\u00eatre naturel.<\/li><li>La faute intentionnelle, les activit\u00e9s non d\u00e9clar\u00e9es et les sinistres connus avant la souscription restent habituellement hors garantie.<\/li><\/ul>\n\n<p class=\"wp-block-paragraph\">Ce relev\u00e9 porte sur la RC Pro accessible aux praticiens ind\u00e9pendants non m\u00e9decins, consult\u00e9e au regard des textes en vigueur le <strong>2 septembre 2026<\/strong>. Il ne traite ni de multirisque du local, ni de pr\u00e9voyance, ni des effets attribu\u00e9s aux m\u00e9thodes exerc\u00e9es.<\/p>\n\n<div id=\"ez-toc-container\" class=\"ez-toc-v2_0_87 counter-hierarchy ez-toc-counter ez-toc-grey ez-toc-container-direction\">\n<div class=\"ez-toc-title-container\">\n<p class=\"ez-toc-title\" style=\"cursor:inherit\">Sommaire<\/p>\n<span class=\"ez-toc-title-toggle\"><a href=\"#\" class=\"ez-toc-pull-right ez-toc-btn ez-toc-btn-xs ez-toc-btn-default ez-toc-toggle\" aria-label=\"Toggle Table of Content\"><span class=\"ez-toc-js-icon-con\"><span class=\"\"><span class=\"eztoc-hide\" style=\"display:none;\">Toggle<\/span><span class=\"ez-toc-icon-toggle-span\"><svg style=\"fill: #999;color:#999\" xmlns=\"http:\/\/www.w3.org\/2000\/svg\" class=\"list-377408\" width=\"20px\" height=\"20px\" viewBox=\"0 0 24 24\" fill=\"none\"><path d=\"M6 6H4v2h2V6zm14 0H8v2h12V6zM4 11h2v2H4v-2zm16 0H8v2h12v-2zM4 16h2v2H4v-2zm16 0H8v2h12v-2z\" fill=\"currentColor\"><\/path><\/svg><svg style=\"fill: #999;color:#999\" class=\"arrow-unsorted-368013\" xmlns=\"http:\/\/www.w3.org\/2000\/svg\" width=\"10px\" height=\"10px\" viewBox=\"0 0 24 24\" version=\"1.2\" baseProfile=\"tiny\"><path d=\"M18.2 9.3l-6.2-6.3-6.2 6.3c-.2.2-.3.4-.3.7s.1.5.3.7c.2.2.4.3.7.3h11c.3 0 .5-.1.7-.3.2-.2.3-.5.3-.7s-.1-.5-.3-.7zM5.8 14.7l6.2 6.3 6.2-6.3c.2-.2.3-.5.3-.7s-.1-.5-.3-.7c-.2-.2-.4-.3-.7-.3h-11c-.3 0-.5.1-.7.3-.2.2-.3.5-.3.7s.1.5.3.7z\"\/><\/svg><\/span><\/span><\/span><\/a><\/span><\/div>\n<nav><ul class='ez-toc-list ez-toc-list-level-1 eztoc-toggle-hide-by-default' ><li class='ez-toc-page-1 ez-toc-heading-level-2'><a class=\"ez-toc-link ez-toc-heading-1\" href=\"https:\/\/prosdelanature.fr\/blog\/assurance-rc-praticien\/#La_RC_Pro_du_praticien_est-elle_legalement_obligatoire\" >La RC Pro du praticien est-elle l\u00e9galement obligatoire ?<\/a><\/li><li class='ez-toc-page-1 ez-toc-heading-level-2'><a class=\"ez-toc-link ez-toc-heading-2\" href=\"https:\/\/prosdelanature.fr\/blog\/assurance-rc-praticien\/#Quelles_garanties_doivent_apparaitre_dans_un_contrat_dassurance_RC_Pro\" >Quelles garanties doivent appara\u00eetre dans un contrat d\u2019assurance RC Pro ?<\/a><\/li><li class='ez-toc-page-1 ez-toc-heading-level-2'><a class=\"ez-toc-link ez-toc-heading-3\" href=\"https:\/\/prosdelanature.fr\/blog\/assurance-rc-praticien\/#Quelles_exclusions_peuvent_vider_la_responsabilite_civile_de_son_objet\" >Quelles exclusions peuvent vider la responsabilit\u00e9 civile de son objet ?<\/a><\/li><li class='ez-toc-page-1 ez-toc-heading-level-2'><a class=\"ez-toc-link ez-toc-heading-4\" href=\"https:\/\/prosdelanature.fr\/blog\/assurance-rc-praticien\/#Comment_verifier_lanteriorite_et_la_date_de_reclamation_avant_de_changer_dassureur\" >Comment v\u00e9rifier l\u2019ant\u00e9riorit\u00e9 et la date de r\u00e9clamation avant de changer d\u2019assureur ?<\/a><\/li><li class='ez-toc-page-1 ez-toc-heading-level-2'><a class=\"ez-toc-link ez-toc-heading-5\" href=\"https:\/\/prosdelanature.fr\/blog\/assurance-rc-praticien\/#Comment_comparer_deux_contrats_dassurance_sans_sarreter_a_la_prime\" >Comment comparer deux contrats d\u2019assurance sans s\u2019arr\u00eater \u00e0 la prime ?<\/a><\/li><\/ul><\/nav><\/div>\n<h2 class=\"wp-block-heading\"><span class=\"ez-toc-section\" id=\"La_RC_Pro_du_praticien_est-elle_legalement_obligatoire\"><\/span>La RC Pro du praticien est-elle l\u00e9galement obligatoire ?<span class=\"ez-toc-section-end\"><\/span><\/h2>\n\n<p class=\"wp-block-paragraph\">Le premier tri consiste \u00e0 s\u00e9parer les professions de sant\u00e9 r\u00e9glement\u00e9es des activit\u00e9s de praticien non m\u00e9decin. L\u2019<a href=\"https:\/\/www.legifrance.gouv.fr\/codes\/article_lc\/LEGIARTI000048710180\" target=\"_blank\" rel=\"noopener\">article L.1142-2 du Code de la sant\u00e9 publique<\/a>, consult\u00e9 sur L\u00e9gifrance le <strong>2 septembre 2026<\/strong>, impose une assurance aux professionnels de sant\u00e9 exer\u00e7ant \u00e0 titre lib\u00e9ral. Ce texte vise les professionnels concern\u00e9s par ce code, pas l\u2019ensemble des ind\u00e9pendants qui re\u00e7oivent des clients.<\/p>\n\n<p class=\"wp-block-paragraph\">Un m\u00e9decin, une sage-femme ou un infirmier lib\u00e9ral n\u2019entrent donc pas dans la m\u00eame cat\u00e9gorie qu\u2019un praticien exer\u00e7ant une activit\u00e9 non r\u00e9glement\u00e9e. Les plafonds de garantie m\u00e9dicale parfois repris dans des comparateurs ne doivent pas \u00eatre transpos\u00e9s m\u00e9caniquement. Le d\u00e9cret relatif aux montants de couverture m\u00e9dicale r\u00e9pond \u00e0 un cadre particulier, avec des risques et des actes qui ne sont pas ceux d\u2019une activit\u00e9 non m\u00e9dicale.<\/p>\n\n<p class=\"wp-block-paragraph\">L\u2019absence d\u2019obligation g\u00e9n\u00e9rale ne signifie pas l\u2019absence de responsabilit\u00e9. L\u2019<a href=\"https:\/\/www.legifrance.gouv.fr\/codes\/article_lc\/LEGIARTI000032041571\" target=\"_blank\" rel=\"noopener\">article 1240 du Code civil<\/a>, consult\u00e9 sur L\u00e9gifrance le <strong>2 septembre 2026<\/strong>, pr\u00e9voit que toute faute causant un dommage oblige son auteur \u00e0 le r\u00e9parer. Un praticien peut donc \u00eatre mis en cause pour un dommage mat\u00e9riel, un accident dans un cabinet, une information commerciale trompeuse ou une atteinte all\u00e9gu\u00e9e \u00e0 un int\u00e9r\u00eat du client.<\/p>\n\n<p class=\"wp-block-paragraph\">La RC Pro n\u2019efface pas cette responsabilit\u00e9. Elle organise l\u2019intervention de l\u2019assureur dans les limites du contrat d\u2019assurance souscrit. Cela comprend le montant maximal d\u2019indemnisation, la franchise restant \u00e0 payer, les conditions de d\u00e9claration et la d\u00e9finition exacte de l\u2019activit\u00e9 garantie.<\/p>\n\n<h3 class=\"wp-block-heading\">Le libell\u00e9 d\u2019activit\u00e9 d\u00e9termine le p\u00e9rim\u00e8tre garanti<\/h3>\n\n<p class=\"wp-block-paragraph\">Une activit\u00e9 d\u00e9clar\u00e9e sous une formule vague, telle que \u00ab conseil \u00bb, peut ne pas correspondre aux prestations indiqu\u00e9es sur un site professionnel, une facture ou une page de prise de rendez-vous. Cette diff\u00e9rence cr\u00e9e un risque professionnel concret lors d\u2019une r\u00e9clamation. L\u2019assureur relira les d\u00e9clarations de souscription avant de regarder le montant demand\u00e9 par le client.<\/p>\n\n<p class=\"wp-block-paragraph\">Il faut conserver la proposition d\u2019assurance, les conditions particuli\u00e8res et les conditions g\u00e9n\u00e9rales dans un m\u00eame dossier. Les conditions particuli\u00e8res nomment habituellement l\u2019assur\u00e9, l\u2019activit\u00e9, les options choisies, la p\u00e9riode de validit\u00e9 et la prime. Les conditions g\u00e9n\u00e9rales expliquent les garanties, les exclusions et les obligations qui s\u2019appliquent \u00e0 tous les assur\u00e9s du produit.<\/p>\n\n<p class=\"wp-block-paragraph\">Le point doit \u00eatre pos\u00e9 clairement \u00e0 l\u2019assureur ou au courtier. Il faut lui remettre une description \u00e9crite des prestations factur\u00e9es, des interventions \u00e0 domicile \u00e9ventuelles, des ateliers collectifs, de la location de salle et de l\u2019usage possible de la visioconf\u00e9rence. Un courtier ou un assureur doit confirmer par \u00e9crit si ces activit\u00e9s entrent dans le p\u00e9rim\u00e8tre garanti.<\/p>\n\n<p class=\"wp-block-paragraph\">La souscription avant le premier rendez-vous factur\u00e9 reste un choix prudent, m\u00eame sans obligation l\u00e9gale sp\u00e9cifique. Elle \u00e9vite qu\u2019un incident du d\u00e9but d\u2019activit\u00e9 tombe dans une p\u00e9riode sans couverture. La date d\u2019effet inscrite sur l\u2019attestation compte davantage que la date \u00e0 laquelle le pr\u00e9l\u00e8vement bancaire est effectu\u00e9.<\/p>\n\n<h2 class=\"wp-block-heading\"><span class=\"ez-toc-section\" id=\"Quelles_garanties_doivent_apparaitre_dans_un_contrat_dassurance_RC_Pro\"><\/span>Quelles garanties doivent appara\u00eetre dans un contrat d\u2019assurance RC Pro ?<span class=\"ez-toc-section-end\"><\/span><\/h2>\n\n<p class=\"wp-block-paragraph\">La garantie centrale couvre la responsabilit\u00e9 civile professionnelle, c\u2019est-\u00e0-dire les cons\u00e9quences financi\u00e8res d\u2019un dommage caus\u00e9 \u00e0 un tiers dans le cadre de l\u2019activit\u00e9 d\u00e9clar\u00e9e. Un dommage peut \u00eatre corporel, mat\u00e9riel ou immat\u00e9riel cons\u00e9cutif. Ces mots paraissent abstraits, mais ils d\u00e9terminent la r\u00e9ponse de l\u2019assureur lorsqu\u2019une r\u00e9clamation arrive.<\/p>\n\n<p class=\"wp-block-paragraph\">Le dommage mat\u00e9riel est le plus facile \u00e0 visualiser. Un objet appartenant \u00e0 un client peut \u00eatre endommag\u00e9 dans le cabinet, ou du mat\u00e9riel peut \u00eatre renvers\u00e9 lors d\u2019une intervention ext\u00e9rieure. Le dommage immat\u00e9riel cons\u00e9cutif correspond \u00e0 une perte financi\u00e8re qui r\u00e9sulte directement d\u2019un dommage d\u00e9j\u00e0 garanti. Il ne couvre pas automatiquement toute d\u00e9ception, toute perte de revenus all\u00e9gu\u00e9e ou toute critique sur internet.<\/p>\n\n<p class=\"wp-block-paragraph\">La d\u00e9fense civile et p\u00e9nale m\u00e9rite une lecture s\u00e9par\u00e9e. Certains contrats pr\u00e9voient des frais de d\u00e9fense dans le cadre d\u2019un litige garanti, tandis que d\u2019autres renvoient \u00e0 une option de protection juridique. La diff\u00e9rence est importante. Une garantie de d\u00e9fense li\u00e9e \u00e0 la RC intervient g\u00e9n\u00e9ralement quand la responsabilit\u00e9 civile est elle-m\u00eame mobilisable ; une protection juridique peut parfois accompagner un diff\u00e9rend plus large, selon ses exclusions propres.<\/p>\n\n<h3 class=\"wp-block-heading\">Les plafonds, franchises et frais de d\u00e9fense ne jouent pas le m\u00eame r\u00f4le<\/h3>\n\n<p class=\"wp-block-paragraph\">Le plafond fixe le maximum vers\u00e9 par l\u2019assureur pour un sinistre ou pour une ann\u00e9e d\u2019assurance. Une formule annon\u00e7ant un plafond \u00e9lev\u00e9 doit \u00eatre lue jusqu\u2019\u00e0 la ventilation des garanties. Un plafond global peut coexister avec un sous-plafond plus faible pour les dommages immat\u00e9riels, les frais de d\u00e9fense ou une option num\u00e9rique.<\/p>\n\n<p class=\"wp-block-paragraph\">La franchise repr\u00e9sente la somme qui reste \u00e0 la charge de l\u2019assur\u00e9 lors d\u2019une indemnisation. Elle peut \u00eatre fixe ou variable selon la nature du dommage. Un contrat \u00e0 prime basse assorti d\u2019une franchise \u00e9lev\u00e9e n\u2019est pas automatiquement moins bon, mais il transf\u00e8re une partie du co\u00fbt du sinistre au praticien.<\/p>\n\n<p class=\"wp-block-paragraph\">La protection juridique doit pr\u00e9ciser les domaines couverts, le plafond de prise en charge, le seuil d\u2019intervention et la libert\u00e9 de choix de l\u2019avocat. Les honoraires d\u2019avocat ne sont pas rembours\u00e9s sans limite parce qu\u2019une ligne \u00ab d\u00e9fense \u00bb appara\u00eet dans une plaquette commerciale. La notice contractuelle indique le bar\u00e8me ou le plafond applicable.<\/p>\n\n<p class=\"wp-block-paragraph\">La protection des donn\u00e9es demande aussi une v\u00e9rification distincte. Le R\u00e8glement g\u00e9n\u00e9ral sur la protection des donn\u00e9es impose des obligations \u00e0 tout professionnel qui traite des donn\u00e9es personnelles. La <a href=\"https:\/\/www.cnil.fr\/fr\/comprendre-le-rgpd\" target=\"_blank\" rel=\"noopener\">CNIL<\/a>, consult\u00e9e le <strong>2 septembre 2026<\/strong>, rappelle que le RGPD s\u2019applique aux organismes publics comme priv\u00e9s. Une garantie cyber, lorsqu\u2019elle existe, rel\u00e8ve le plus souvent d\u2019une option et non de la RC Pro de base.<\/p>\n\n<p class=\"wp-block-paragraph\">Les \u00e9l\u00e9ments \u00e0 faire inscrire dans un courriel avant souscription restent limit\u00e9s mais pr\u00e9cis :<\/p>\n\n<ol class=\"wp-block-list\"><li>La d\u00e9signation compl\u00e8te de l\u2019activit\u00e9 factur\u00e9e et des prestations annexes.<\/li><li>Le plafond par sinistre et, s\u2019il existe, le plafond annuel.<\/li><li>La franchise applicable \u00e0 chaque cat\u00e9gorie de dommage.<\/li><li>La pr\u00e9sence ou l\u2019absence de d\u00e9fense et de protection juridique.<\/li><li>La couverture des rendez-vous \u00e0 distance, des ateliers et des d\u00e9placements.<\/li><\/ol>\n\n<p class=\"wp-block-paragraph\">Un document publicitaire ne remplace jamais cette confirmation \u00e9crite. La garantie utile est celle qui se trouve dans les conditions contractuelles et qui correspond aux prestations r\u00e9ellement vendues.<\/p>\n\n<figure class=\"is-provider-youtube is-type-video wp-block-embed wp-block-embed-youtube wp-embed-aspect-16-9 wp-has-aspect-ratio\"><div class=\"wp-block-embed__wrapper\">\n<iframe loading=\"lazy\" title=\"Une assurance multirisque professionnelle, c&amp;apos;est quoi ? (d\u00e9finition, aide, lexique, explication)\" width=\"500\" height=\"281\" src=\"https:\/\/www.youtube.com\/embed\/WgZSAijiZW8?feature=oembed\" frameborder=\"0\" allow=\"accelerometer; autoplay; clipboard-write; encrypted-media; gyroscope; picture-in-picture; web-share\" referrerpolicy=\"strict-origin-when-cross-origin\" allowfullscreen><\/iframe>\n<\/div><\/figure>\n\n<p class=\"wp-block-paragraph\">La comparaison doit maintenant se d\u00e9placer vers la partie la moins mise en avant par les assureurs. Les exclusions d\u00e9finissent les situations dans lesquelles une garantie annonc\u00e9e cesse de produire ses effets.<\/p>\n\n<h2 class=\"wp-block-heading\"><span class=\"ez-toc-section\" id=\"Quelles_exclusions_peuvent_vider_la_responsabilite_civile_de_son_objet\"><\/span>Quelles exclusions peuvent vider la responsabilit\u00e9 civile de son objet ?<span class=\"ez-toc-section-end\"><\/span><\/h2>\n\n<p class=\"wp-block-paragraph\">Une exclusion n\u2019est pas un d\u00e9tail plac\u00e9 en bas de page. Elle constitue une limite directe au droit \u00e0 indemnisation. Dans un contrat destin\u00e9 \u00e0 un praticien non m\u00e9decin, l\u2019exclusion la plus sensible porte sur les actes non reconnus par la m\u00e9decine conventionnelle, les pratiques non autoris\u00e9es ou les prestations assimilables \u00e0 un exercice r\u00e9serv\u00e9.<\/p>\n\n<p class=\"wp-block-paragraph\">Lorsqu\u2019une police exclut les actes non reconnus par la m\u00e9decine conventionnelle tout en \u00e9tant propos\u00e9e \u00e0 une activit\u00e9 de praticien en bien-\u00eatre naturel, le d\u00e9calage doit \u00eatre signal\u00e9 avant signature. La prime peut sembler adapt\u00e9e, l\u2019attestation peut \u00eatre d\u00e9livr\u00e9e, mais le sinistre portant sur la prestation centrale risque d\u2019\u00eatre refus\u00e9. Une assurance qui ne couvre que les dommages p\u00e9riph\u00e9riques ne r\u00e9pond pas au risque professionnel principal.<\/p>\n\n<figure class=\"wp-block-table\"><table>\n<thead>\n<tr>\n<th>Clause \u00e0 rep\u00e9rer<\/th>\n<th>Effet possible sur le sinistre<\/th>\n<th>\u00c9l\u00e9ment \u00e0 demander par \u00e9crit<\/th>\n<\/tr>\n<\/thead>\n<tbody>\n<tr>\n<td>Activit\u00e9 non d\u00e9clar\u00e9e<\/td>\n<td>Refus de prise en charge si la prestation litigieuse ne figure pas au contrat<\/td>\n<td>Libell\u00e9 complet de l\u2019activit\u00e9 et des prestations annexes<\/td>\n<\/tr>\n<tr>\n<td>Acte exclu ou non garanti<\/td>\n<td>Garantie inapplicable malgr\u00e9 une attestation RC Pro valide<\/td>\n<td>Confirmation expresse de la couverture de la prestation factur\u00e9e<\/td>\n<\/tr>\n<tr>\n<td>Faute intentionnelle<\/td>\n<td>Absence d\u2019indemnisation par l\u2019assureur<\/td>\n<td>Lecture de la d\u00e9finition contractuelle et des exclusions l\u00e9gales<\/td>\n<\/tr>\n<tr>\n<td>Sinistre connu avant souscription<\/td>\n<td>Refus si la r\u00e9clamation ou son fait g\u00e9n\u00e9rateur \u00e9tait d\u00e9j\u00e0 connu<\/td>\n<td>Date de connaissance retenue et questionnaire de souscription<\/td>\n<\/tr>\n<tr>\n<td>Amendes et sanctions<\/td>\n<td>Reste g\u00e9n\u00e9ralement \u00e0 la charge de l\u2019assur\u00e9<\/td>\n<td>P\u00e9rim\u00e8tre r\u00e9el de la d\u00e9fense et de la protection juridique<\/td>\n<\/tr>\n<\/tbody>\n<\/table><\/figure>\n\n<p class=\"wp-block-paragraph\">La faute intentionnelle n\u2019est pas une simple clause commerciale. L\u2019<a href=\"https:\/\/www.legifrance.gouv.fr\/codes\/article_lc\/LEGIARTI000006792097\" target=\"_blank\" rel=\"noopener\">article L.113-1 du Code des assurances<\/a>, consult\u00e9 sur L\u00e9gifrance le <strong>2 septembre 2026<\/strong>, pr\u00e9voit que l\u2019assureur ne r\u00e9pond pas des pertes et dommages provenant d\u2019une faute intentionnelle ou dolosive de l\u2019assur\u00e9. Cette r\u00e8gle s\u2019applique ind\u00e9pendamment de la pr\u00e9sentation plus ou moins rassurante de l\u2019offre.<\/p>\n\n<h3 class=\"wp-block-heading\">Les mots employ\u00e9s sur le site professionnel peuvent modifier le risque assur\u00e9<\/h3>\n\n<p class=\"wp-block-paragraph\">La coh\u00e9rence entre la police d\u2019assurance et la communication publique m\u00e9rite une attention particuli\u00e8re. Une page internet qui promet un diagnostic, un traitement ou la prise en charge d\u2019une pathologie cr\u00e9e un probl\u00e8me qui d\u00e9passe la simple RC Pro. L\u2019<a href=\"https:\/\/www.legifrance.gouv.fr\/codes\/article_lc\/LEGIARTI000042193493\" target=\"_blank\" rel=\"noopener\">article L.4161-1 du Code de la sant\u00e9 publique<\/a>, consult\u00e9 le <strong>2 septembre 2026<\/strong>, encadre l\u2019exercice ill\u00e9gal de la m\u00e9decine et vise notamment la pratique habituelle d\u2019actes r\u00e9serv\u00e9s.<\/p>\n\n<p class=\"wp-block-paragraph\">Une garantie ne r\u00e9gularise pas une prestation qui sortirait du cadre d\u00e9clar\u00e9 ou du cadre l\u00e9gal. Elle ne transforme pas une formule commerciale imprudente en activit\u00e9 couverte. Le praticien doit donc relire ses supports publics avec la m\u00eame pr\u00e9cision que son contrat d\u2019assurance.<\/p>\n\n<p class=\"wp-block-paragraph\">Les exclusions relatives aux r\u00e9clamations ant\u00e9rieures m\u00e9ritent aussi un contr\u00f4le. Un client qui a d\u00e9j\u00e0 envoy\u00e9 une mise en cause, m\u00eame informelle, avant la souscription peut faire na\u00eetre un sinistre connu. Omettre cette information dans le questionnaire expose \u00e0 une contestation ult\u00e9rieure de la garantie.<\/p>\n\n<p class=\"wp-block-paragraph\">La lecture doit porter sur les termes exacts \u00ab exclusions \u00bb, \u00ab activit\u00e9s garanties \u00bb, \u00ab d\u00e9clarations de l\u2019assur\u00e9 \u00bb, \u00ab r\u00e9clamation \u00bb, \u00ab sinistre \u00bb et \u00ab d\u00e9ch\u00e9ance \u00bb. Un assureur ou un courtier doit expliciter chaque passage ambigu. Un avocat doit intervenir lorsqu\u2019une r\u00e9clamation existe d\u00e9j\u00e0 ou lorsqu\u2019un refus de garantie est notifi\u00e9.<\/p>\n\n<p class=\"wp-block-paragraph\">Une exclusion non lue ne dispara\u00eet pas au moment o\u00f9 un client formule une demande. Elle devient, au contraire, le premier article consult\u00e9 par le gestionnaire charg\u00e9 du dossier.<\/p>\n\n<h2 class=\"wp-block-heading\"><span class=\"ez-toc-section\" id=\"Comment_verifier_lanteriorite_et_la_date_de_reclamation_avant_de_changer_dassureur\"><\/span>Comment v\u00e9rifier l\u2019ant\u00e9riorit\u00e9 et la date de r\u00e9clamation avant de changer d\u2019assureur ?<span class=\"ez-toc-section-end\"><\/span><\/h2>\n\n<p class=\"wp-block-paragraph\">Deux m\u00e9canismes peuvent organiser le temps en responsabilit\u00e9 civile professionnelle. Le contrat peut \u00eatre construit autour du fait dommageable, ou autour de la r\u00e9clamation. Dans le second cas, la date \u00e0 laquelle le client demande r\u00e9paration devient d\u00e9terminante, \u00e0 condition que les autres conditions de garantie soient r\u00e9unies.<\/p>\n\n<p class=\"wp-block-paragraph\">L\u2019<a href=\"https:\/\/www.legifrance.gouv.fr\/codes\/article_lc\/LEGIARTI000043977519\" target=\"_blank\" rel=\"noopener\">article L.124-5 du Code des assurances<\/a>, consult\u00e9 sur L\u00e9gifrance le <strong>2 septembre 2026<\/strong>, encadre les clauses d\u00e9clenchant la garantie par le fait dommageable ou par la r\u00e9clamation. Il pr\u00e9voit aussi, dans certaines situations, une garantie subs\u00e9quente apr\u00e8s la r\u00e9siliation. Ce texte doit \u00eatre rapproch\u00e9 de la r\u00e9daction exacte du contrat, car les conditions et les dur\u00e9es applicables ne se d\u00e9duisent pas d\u2019une brochure r\u00e9sum\u00e9e.<\/p>\n\n<p class=\"wp-block-paragraph\">Le changement d\u2019assureur produit un risque de rupture lorsque le nouvel assureur n\u2019accepte pas l\u2019ant\u00e9riorit\u00e9, ou lorsqu\u2019il limite son intervention aux faits post\u00e9rieurs \u00e0 une date pr\u00e9cise. Le certificat d\u2019assurance de l\u2019ancien contrat ne suffit pas \u00e0 r\u00e9soudre ce point. Il faut obtenir les dates de prise d\u2019effet, de r\u00e9siliation et d\u2019ant\u00e9riorit\u00e9 dans les deux dossiers.<\/p>\n\n<h3 class=\"wp-block-heading\">Le dossier documentaire \u00e0 conserver lors d\u2019une r\u00e9siliation<\/h3>\n\n<p class=\"wp-block-paragraph\">La continuit\u00e9 de garantie se v\u00e9rifie avec des pi\u00e8ces plut\u00f4t qu\u2019avec un souvenir de souscription. Il faut archiver l\u2019attestation annuelle, les conditions g\u00e9n\u00e9rales, les conditions particuli\u00e8res, les avenants, les courriels signalant une r\u00e9clamation et la lettre de r\u00e9siliation. Ce dossier est utile plusieurs ann\u00e9es apr\u00e8s la fin d\u2019activit\u00e9.<\/p>\n\n<p class=\"wp-block-paragraph\">Un incident peut commencer par un message de contestation, une demande de remboursement accompagn\u00e9e de reproches ou une lettre d\u2019avocat. Le praticien ne doit pas r\u00e9pondre en reconnaissant une faute ou en promettant une indemnisation avant d\u2019avoir d\u00e9clar\u00e9 la situation. La d\u00e9claration doit reprendre les faits connus, les dates, les documents re\u00e7us et les coordonn\u00e9es du r\u00e9clamant.<\/p>\n\n<p class=\"wp-block-paragraph\">La d\u00e9claration du sinistre doit \u00eatre faite selon le d\u00e9lai indiqu\u00e9 au contrat. Certains contrats pr\u00e9voient un d\u00e9lai court, mais le d\u00e9lai contractuel ne dispense pas de transmettre imm\u00e9diatement les \u00e9l\u00e9ments disponibles. Attendre d\u2019avoir reconstitu\u00e9 tout le dossier peut aggraver la difficult\u00e9.<\/p>\n\n<p class=\"wp-block-paragraph\">La notion d\u2019ant\u00e9riorit\u00e9 concerne aussi les nouveaux modes d\u2019exercice. Une activit\u00e9 en visioconf\u00e9rence, des ateliers hors cabinet ou une location ponctuelle de salle ne doivent pas \u00eatre suppos\u00e9s garantis parce que l\u2019activit\u00e9 principale l\u2019est. Leur mention dans le formulaire de souscription, puis dans la r\u00e9ponse de l\u2019assureur, \u00e9vite une discussion sur la nature exacte de la prestation.<\/p>\n\n<figure class=\"is-provider-youtube is-type-video wp-block-embed wp-block-embed-youtube wp-embed-aspect-16-9 wp-has-aspect-ratio\"><div class=\"wp-block-embed__wrapper\">\n<iframe loading=\"lazy\" title=\"ASSURANCE PROFESSIONNELLE \ud83d\udc40 On fait le point - IARD, RC Pro, RCMS, D\u00e9cennale, ...\" width=\"500\" height=\"281\" src=\"https:\/\/www.youtube.com\/embed\/VROZzdwz4E8?feature=oembed\" frameborder=\"0\" allow=\"accelerometer; autoplay; clipboard-write; encrypted-media; gyroscope; picture-in-picture; web-share\" referrerpolicy=\"strict-origin-when-cross-origin\" allowfullscreen><\/iframe>\n<\/div><\/figure>\n\n<p class=\"wp-block-paragraph\">Le contrat peut \u00e9galement contenir une limitation g\u00e9ographique. Une activit\u00e9 exerc\u00e9e en France ne garantit pas automatiquement une intervention r\u00e9alis\u00e9e \u00e0 l\u2019\u00e9tranger, m\u00eame ponctuellement. Le pays couvert, les exclusions territoriales et la situation des clients \u00e0 distance doivent \u00eatre confirm\u00e9s avant l\u2019\u00e9v\u00e9nement.<\/p>\n\n<p class=\"wp-block-paragraph\">Ce point ne se tranche pas par une comparaison de prix. Il se tranche avec un courtier ou un assureur, \u00e0 qui il faut remettre l\u2019ancien contrat, le nouveau projet et la chronologie exacte des activit\u00e9s exerc\u00e9es.<\/p>\n\n<h2 class=\"wp-block-heading\"><span class=\"ez-toc-section\" id=\"Comment_comparer_deux_contrats_dassurance_sans_sarreter_a_la_prime\"><\/span>Comment comparer deux contrats d\u2019assurance sans s\u2019arr\u00eater \u00e0 la prime ?<span class=\"ez-toc-section-end\"><\/span><\/h2>\n\n<p class=\"wp-block-paragraph\">Comparer deux contrats exige de mettre les garanties sur la m\u00eame ligne. Une prime annuelle moins \u00e9lev\u00e9e peut correspondre \u00e0 un plafond inf\u00e9rieur, une franchise plus lourde, une activit\u00e9 moins large ou une protection juridique absente. L\u2019attestation remise au d\u00e9but de l\u2019ann\u00e9e ne permet pas cette comparaison ; les conditions g\u00e9n\u00e9rales et particuli\u00e8res la permettent.<\/p>\n\n<p class=\"wp-block-paragraph\">La premi\u00e8re \u00e9tape consiste \u00e0 rechercher le chapitre des exclusions avant les tableaux de garanties. Cette m\u00e9thode \u00e9vite de consacrer du temps \u00e0 des plafonds qui ne s\u2019appliqueront pas \u00e0 l\u2019activit\u00e9 r\u00e9ellement factur\u00e9e. Il faut ensuite v\u00e9rifier si la r\u00e9daction porte sur le m\u00e9tier d\u00e9clar\u00e9, les prestations pr\u00e9cises et les lieux d\u2019exercice.<\/p>\n\n<p class=\"wp-block-paragraph\">Le prix ne peut \u00eatre \u00e9valu\u00e9 seul. Une assurance moins ch\u00e8re qui exclut la prestation centrale n\u2019est pas une \u00e9conomie. \u00c0 l\u2019inverse, une extension co\u00fbteuse n\u2019a pas d\u2019int\u00e9r\u00eat si elle couvre une activit\u00e9 qui ne sera jamais exerc\u00e9e. Le choix doit suivre le contenu r\u00e9el des factures, du site et des conditions de travail.<\/p>\n\n<h3 class=\"wp-block-heading\">Les cinq documents \u00e0 confronter avant la signature<\/h3>\n\n<p class=\"wp-block-paragraph\">Le premier document est le devis d\u00e9taill\u00e9, qui pr\u00e9cise la prime, les taxes \u00e9ventuelles et les options. Le deuxi\u00e8me est le questionnaire de souscription, car les r\u00e9ponses donn\u00e9es d\u00e9finissent le risque soumis \u00e0 l\u2019assureur. Le troisi\u00e8me est la fiche d\u2019information sur le produit d\u2019assurance, utile pour un aper\u00e7u mais insuffisante \u00e0 elle seule.<\/p>\n\n<p class=\"wp-block-paragraph\">Les conditions g\u00e9n\u00e9rales constituent le quatri\u00e8me document. Elles contiennent la m\u00e9canique de la garantie, les exclusions, les plafonds et les modalit\u00e9s de d\u00e9claration. Les conditions particuli\u00e8res viennent en cinqui\u00e8me position. Elles confirment que le contrat \u00e9mis reprend bien l\u2019activit\u00e9 et les options demand\u00e9es.<\/p>\n\n<p class=\"wp-block-paragraph\">Le <a href=\"https:\/\/www.legifrance.gouv.fr\/codes\/article_lc\/LEGIARTI000006792040\" target=\"_blank\" rel=\"noopener\">Code des assurances, article L.113-2<\/a>, consult\u00e9 sur L\u00e9gifrance le <strong>2 septembre 2026<\/strong>, impose notamment \u00e0 l\u2019assur\u00e9 de r\u00e9pondre exactement aux questions pos\u00e9es par l\u2019assureur lors de la souscription et de d\u00e9clarer certaines circonstances nouvelles. Une d\u00e9claration impr\u00e9cise peut donc fragiliser la couverture au pire moment, lorsqu\u2019un litige appara\u00eet.<\/p>\n\n<p class=\"wp-block-paragraph\">Une comparaison utile se termine par une demande \u00e9crite courte. Elle doit demander si l\u2019activit\u00e9 nomm\u00e9e, les rendez-vous \u00e0 distance, les d\u00e9placements et les ateliers sont couverts, quelle exclusion pourrait s\u2019y opposer, et quelle garantie de d\u00e9fense intervient si une r\u00e9clamation est re\u00e7ue. Une r\u00e9ponse t\u00e9l\u00e9phonique sans trace n\u2019apporte pas la m\u00eame s\u00e9curit\u00e9 documentaire.<\/p>\n\n<p class=\"wp-block-paragraph\">La responsabilit\u00e9 civile du local doit rester distincte de la RC Pro du praticien. Le bail, la copropri\u00e9t\u00e9 ou l\u2019espace partag\u00e9 peuvent imposer une assurance couvrant les dommages li\u00e9s aux locaux, au mobilier et \u00e0 l\u2019exploitation. Cette assurance ne remplace pas la garantie li\u00e9e aux prestations professionnelles.<\/p>\n\n<p class=\"wp-block-paragraph\">Avant de signer, demandez les conditions g\u00e9n\u00e9rales compl\u00e8tes des deux offres retenues, recherchez le mot \u00ab exclusions \u00bb et exigez une confirmation \u00e9crite de l\u2019activit\u00e9 garantie. Si ce document n\u2019est pas transmis avant la souscription, le contrat ne peut pas \u00eatre compar\u00e9 s\u00e9rieusement.<\/p>\n\n<script type=\"application\/ld+json\">\n{\"@context\":\"https:\/\/schema.org\",\"@type\":\"FAQPage\",\"mainEntity\":[{\"@type\":\"Question\",\"name\":\"Une RC Pro est-elle obligatoire pour un praticien non mu00e9decin ?\",\"acceptedAnswer\":{\"@type\":\"Answer\",\"text\":\"Lu2019obligation pru00e9vue par lu2019article L.1142-2 du Code de la santu00e9 publique concerne les professionnels de santu00e9 visu00e9s par ce texte. Un praticien non mu00e9decin nu2019est pas soumis u00e0 une obligation gu00e9nu00e9rale u00e9quivalente, mais sa responsabilitu00e9 civile peut u00eatre engagu00e9e sur le fondement de lu2019article 1240 du Code civil.\"}},{\"@type\":\"Question\",\"name\":\"Quelle diffu00e9rence entre RC Pro et protection juridique ?\",\"acceptedAnswer\":{\"@type\":\"Answer\",\"text\":\"La RC Pro prend en charge les consu00e9quences du2019un dommage garanti causu00e9 u00e0 un tiers. La protection juridique finance, dans les limites pru00e9vues, certains frais de du00e9fense ou de litige. Il faut vu00e9rifier si elle est incluse, optionnelle et applicable u00e0 un litige non couvert par la responsabilitu00e9 civile.\"}},{\"@type\":\"Question\",\"name\":\"Une attestation du2019assurance suffit-elle u00e0 prouver que toutes les prestations sont couvertes ?\",\"acceptedAnswer\":{\"@type\":\"Answer\",\"text\":\"Non. Lu2019attestation confirme gu00e9nu00e9ralement lu2019existence du2019un contrat u00e0 une date donnu00e9e. Les activitu00e9s assuru00e9es, les plafonds, les franchises et les exclusions se lisent dans les conditions particuliu00e8res et les conditions gu00e9nu00e9rales.\"}},{\"@type\":\"Question\",\"name\":\"Que faire du00e8s la ru00e9ception du2019une ru00e9clamation du2019un client ?\",\"acceptedAnswer\":{\"@type\":\"Answer\",\"text\":\"Il faut du00e9clarer le sinistre u00e0 lu2019assureur selon le du00e9lai pru00e9vu au contrat, conserver tous les u00e9changes et u00e9viter toute reconnaissance de responsabilitu00e9 avant instruction du dossier. Un avocat doit u00eatre consultu00e9 lorsquu2019une mise en demeure, une assignation ou un refus de garantie est reu00e7u.\"}}]}\n<\/script>\n<h3>Une RC Pro est-elle obligatoire pour un praticien non m\u00e9decin ?<\/h3>\n<p>L\u2019obligation pr\u00e9vue par l\u2019article L.1142-2 du Code de la sant\u00e9 publique concerne les professionnels de sant\u00e9 vis\u00e9s par ce texte. Un praticien non m\u00e9decin n\u2019est pas soumis \u00e0 une obligation g\u00e9n\u00e9rale \u00e9quivalente, mais sa responsabilit\u00e9 civile peut \u00eatre engag\u00e9e sur le fondement de l\u2019article 1240 du Code civil.<\/p>\n<h3>Quelle diff\u00e9rence entre RC Pro et protection juridique ?<\/h3>\n<p>La RC Pro prend en charge les cons\u00e9quences d\u2019un dommage garanti caus\u00e9 \u00e0 un tiers. La protection juridique finance, dans les limites pr\u00e9vues, certains frais de d\u00e9fense ou de litige. Il faut v\u00e9rifier si elle est incluse, optionnelle et applicable \u00e0 un litige non couvert par la responsabilit\u00e9 civile.<\/p>\n<h3>Une attestation d\u2019assurance suffit-elle \u00e0 prouver que toutes les prestations sont couvertes ?<\/h3>\n<p>Non. L\u2019attestation confirme g\u00e9n\u00e9ralement l\u2019existence d\u2019un contrat \u00e0 une date donn\u00e9e. Les activit\u00e9s assur\u00e9es, les plafonds, les franchises et les exclusions se lisent dans les conditions particuli\u00e8res et les conditions g\u00e9n\u00e9rales.<\/p>\n<h3>Que faire d\u00e8s la r\u00e9ception d\u2019une r\u00e9clamation d\u2019un client ?<\/h3>\n<p>Il faut d\u00e9clarer le sinistre \u00e0 l\u2019assureur selon le d\u00e9lai pr\u00e9vu au contrat, conserver tous les \u00e9changes et \u00e9viter toute reconnaissance de responsabilit\u00e9 avant instruction du dossier. Un avocat doit \u00eatre consult\u00e9 lorsqu\u2019une mise en demeure, une assignation ou un refus de garantie est re\u00e7u.<\/p>\n\n","protected":false},"excerpt":{"rendered":"<p>Une Assurance RC professionnelle peut prot\u00e9ger un praticien non m\u00e9decin contre une r\u00e9clamation d\u2019un client, mais elle n\u2019est utile que si l\u2019activit\u00e9 r\u00e9ellement d\u00e9clar\u00e9e figure au contrat. Les garanties affich\u00e9es comptent moins que les exclusions, les plafonds, la franchise et la date \u00e0 laquelle l\u2019assureur accepte une r\u00e9clamation. En bref Ce relev\u00e9 porte sur la [&hellip;]<\/p>\n","protected":false},"author":1,"featured_media":0,"comment_status":"open","ping_status":"closed","sticky":false,"template":"","format":"standard","meta":{"footnotes":""},"categories":[17],"tags":[],"class_list":["post-85","post","type-post","status-publish","format-standard","hentry","category-le-cadre-legal-du-praticien"],"_links":{"self":[{"href":"https:\/\/prosdelanature.fr\/blog\/wp-json\/wp\/v2\/posts\/85","targetHints":{"allow":["GET"]}}],"collection":[{"href":"https:\/\/prosdelanature.fr\/blog\/wp-json\/wp\/v2\/posts"}],"about":[{"href":"https:\/\/prosdelanature.fr\/blog\/wp-json\/wp\/v2\/types\/post"}],"author":[{"embeddable":true,"href":"https:\/\/prosdelanature.fr\/blog\/wp-json\/wp\/v2\/users\/1"}],"replies":[{"embeddable":true,"href":"https:\/\/prosdelanature.fr\/blog\/wp-json\/wp\/v2\/comments?post=85"}],"version-history":[{"count":0,"href":"https:\/\/prosdelanature.fr\/blog\/wp-json\/wp\/v2\/posts\/85\/revisions"}],"wp:attachment":[{"href":"https:\/\/prosdelanature.fr\/blog\/wp-json\/wp\/v2\/media?parent=85"}],"wp:term":[{"taxonomy":"category","embeddable":true,"href":"https:\/\/prosdelanature.fr\/blog\/wp-json\/wp\/v2\/categories?post=85"},{"taxonomy":"post_tag","embeddable":true,"href":"https:\/\/prosdelanature.fr\/blog\/wp-json\/wp\/v2\/tags?post=85"}],"curies":[{"name":"wp","href":"https:\/\/api.w.org\/{rel}","templated":true}]}}