{"id":86,"date":"2026-09-04T12:48:33","date_gmt":"2026-09-04T12:48:33","guid":{"rendered":"https:\/\/prosdelanature.fr\/blog\/budget-12-premiers-mois\/"},"modified":"2026-09-04T12:48:33","modified_gmt":"2026-09-04T12:48:33","slug":"budget-12-premiers-mois","status":"publish","type":"post","link":"https:\/\/prosdelanature.fr\/blog\/budget-12-premiers-mois\/","title":{"rendered":"Cabinet, domicile ou visio : le budget des douze premiers mois"},"content":{"rendered":"<p class=\"wp-block-paragraph\">Le budget des douze premiers mois ne se r\u00e9sume pas au loyer d\u2019un cabinet. Le choix entre cabinet, domicile et visio modifie les charges fixes, les assurances, la protection des donn\u00e9es, les d\u00e9placements et le niveau de tr\u00e9sorerie \u00e0 conserver. Un d\u00e9marrage sobre repose sur des d\u00e9penses tra\u00e7ables, mensualis\u00e9es et s\u00e9par\u00e9es des finances personnelles.<\/p>\n\n<ul class=\"wp-block-list\"><li>Un cabinet partag\u00e9 transforme un loyer \u00e9lev\u00e9 en charge variable, mais le contrat d\u2019occupation doit pr\u00e9ciser les services r\u00e9ellement inclus.<\/li><li>Le domicile r\u00e9duit le co\u00fbt initial, sans dispenser de v\u00e9rifier le bail, le r\u00e8glement de copropri\u00e9t\u00e9 et l\u2019assurance habitation.<\/li><li>La visio limite les frais immobiliers, mais impose un cadre de facturation, de confidentialit\u00e9 et de gestion documentaire solide.<\/li><li>La pr\u00e9vision financi\u00e8re doit distinguer les d\u00e9penses ponctuelles, les d\u00e9penses mensuelles et la r\u00e9serve de tr\u00e9sorerie disponible.<\/li><\/ul>\n\n<p class=\"wp-block-paragraph\">Ce relev\u00e9 porte sur l\u2019installation d\u2019un praticien ind\u00e9pendant non m\u00e9decin proposant des rendez-vous individuels ou collectifs. Il ne couvre ni les effets des m\u00e9thodes propos\u00e9es, ni le choix d\u2019une formation, ni les r\u00e8gles fiscales propres \u00e0 une soci\u00e9t\u00e9 soumise \u00e0 l\u2019imp\u00f4t sur les soci\u00e9t\u00e9s.<\/p>\n\n<div id=\"ez-toc-container\" class=\"ez-toc-v2_0_87 counter-hierarchy ez-toc-counter ez-toc-grey ez-toc-container-direction\">\n<div class=\"ez-toc-title-container\">\n<p class=\"ez-toc-title\" style=\"cursor:inherit\">Sommaire<\/p>\n<span class=\"ez-toc-title-toggle\"><a href=\"#\" class=\"ez-toc-pull-right ez-toc-btn ez-toc-btn-xs ez-toc-btn-default ez-toc-toggle\" aria-label=\"Toggle Table of Content\"><span class=\"ez-toc-js-icon-con\"><span class=\"\"><span class=\"eztoc-hide\" style=\"display:none;\">Toggle<\/span><span class=\"ez-toc-icon-toggle-span\"><svg style=\"fill: #999;color:#999\" xmlns=\"http:\/\/www.w3.org\/2000\/svg\" class=\"list-377408\" width=\"20px\" height=\"20px\" viewBox=\"0 0 24 24\" fill=\"none\"><path d=\"M6 6H4v2h2V6zm14 0H8v2h12V6zM4 11h2v2H4v-2zm16 0H8v2h12v-2zM4 16h2v2H4v-2zm16 0H8v2h12v-2z\" fill=\"currentColor\"><\/path><\/svg><svg style=\"fill: #999;color:#999\" class=\"arrow-unsorted-368013\" xmlns=\"http:\/\/www.w3.org\/2000\/svg\" width=\"10px\" height=\"10px\" viewBox=\"0 0 24 24\" version=\"1.2\" baseProfile=\"tiny\"><path d=\"M18.2 9.3l-6.2-6.3-6.2 6.3c-.2.2-.3.4-.3.7s.1.5.3.7c.2.2.4.3.7.3h11c.3 0 .5-.1.7-.3.2-.2.3-.5.3-.7s-.1-.5-.3-.7zM5.8 14.7l6.2 6.3 6.2-6.3c.2-.2.3-.5.3-.7s-.1-.5-.3-.7c-.2-.2-.4-.3-.7-.3h-11c-.3 0-.5.1-.7.3-.2.2-.3.5-.3.7s.1.5.3.7z\"\/><\/svg><\/span><\/span><\/span><\/a><\/span><\/div>\n<nav><ul class='ez-toc-list ez-toc-list-level-1 eztoc-toggle-hide-by-default' ><li class='ez-toc-page-1 ez-toc-heading-level-2'><a class=\"ez-toc-link ez-toc-heading-1\" href=\"https:\/\/prosdelanature.fr\/blog\/budget-12-premiers-mois\/#Comment_construire_le_budget_des_douze_premiers_mois_avant_de_choisir_un_cabinet_le_domicile_ou_la_visio\" >Comment construire le budget des douze premiers mois avant de choisir un cabinet, le domicile ou la visio\u00a0?<\/a><\/li><li class='ez-toc-page-1 ez-toc-heading-level-2'><a class=\"ez-toc-link ez-toc-heading-2\" href=\"https:\/\/prosdelanature.fr\/blog\/budget-12-premiers-mois\/#Quel_budget_prevoir_pour_recevoir_dans_un_cabinet_partage_ou_un_local_professionnel\" >Quel budget pr\u00e9voir pour recevoir dans un cabinet partag\u00e9 ou un local professionnel\u00a0?<\/a><\/li><li class='ez-toc-page-1 ez-toc-heading-level-2'><a class=\"ez-toc-link ez-toc-heading-3\" href=\"https:\/\/prosdelanature.fr\/blog\/budget-12-premiers-mois\/#Quelles_depenses_verifier_avant_de_recevoir_des_clients_a_domicile\" >Quelles d\u00e9penses v\u00e9rifier avant de recevoir des clients \u00e0 domicile\u00a0?<\/a><\/li><li class='ez-toc-page-1 ez-toc-heading-level-2'><a class=\"ez-toc-link ez-toc-heading-4\" href=\"https:\/\/prosdelanature.fr\/blog\/budget-12-premiers-mois\/#Comment_budgeter_une_activite_en_visio_sans_sous-estimer_les_outils_et_la_confidentialite\" >Comment budg\u00e9ter une activit\u00e9 en visio sans sous-estimer les outils et la confidentialit\u00e9\u00a0?<\/a><\/li><li class='ez-toc-page-1 ez-toc-heading-level-2'><a class=\"ez-toc-link ez-toc-heading-5\" href=\"https:\/\/prosdelanature.fr\/blog\/budget-12-premiers-mois\/#Comment_suivre_les_depenses_mensuelles_et_proteger_la_tresorerie_pendant_la_premiere_annee\" >Comment suivre les d\u00e9penses mensuelles et prot\u00e9ger la tr\u00e9sorerie pendant la premi\u00e8re ann\u00e9e\u00a0?<\/a><\/li><\/ul><\/nav><\/div>\n<h2 class=\"wp-block-heading\"><span class=\"ez-toc-section\" id=\"Comment_construire_le_budget_des_douze_premiers_mois_avant_de_choisir_un_cabinet_le_domicile_ou_la_visio\"><\/span>Comment construire le budget des douze premiers mois avant de choisir un cabinet, le domicile ou la visio\u00a0?<span class=\"ez-toc-section-end\"><\/span><\/h2>\n\n<p class=\"wp-block-paragraph\">La premi\u00e8re erreur consiste \u00e0 additionner uniquement les achats visibles. Un bureau, une chaise et une page internet attirent l\u2019attention parce qu\u2019ils se commandent imm\u00e9diatement. Les d\u00e9penses qui fragilisent r\u00e9ellement les finances arrivent souvent plus tard, sous la forme d\u2019un pr\u00e9l\u00e8vement mensuel, d\u2019une cotisation annuelle ou d\u2019une facture de r\u00e9gularisation.<\/p>\n\n<p class=\"wp-block-paragraph\">Le budget doit donc s\u00e9parer trois blocs. Le premier comprend le <strong>co\u00fbt initial<\/strong>, pay\u00e9 avant le premier rendez-vous factur\u00e9. Le deuxi\u00e8me rassemble les <strong>d\u00e9penses mensuelles<\/strong>, qui continuent m\u00eame lorsque l\u2019agenda est vide. Le troisi\u00e8me correspond \u00e0 une r\u00e9serve de tr\u00e9sorerie, conserv\u00e9e pour absorber les retards de paiement, les mois creux et les charges d\u00e9claratives.<\/p>\n\n<p class=\"wp-block-paragraph\">La d\u00e9claration d\u2019une activit\u00e9 ind\u00e9pendante passe par le guichet unique g\u00e9r\u00e9 par l\u2019INPI. La proc\u00e9dure, les informations demand\u00e9es et les \u00e9tapes de suivi sont d\u00e9crites sur le <a href=\"https:\/\/procedures.inpi.fr\/\" target=\"_blank\" rel=\"noopener\">site des formalit\u00e9s d\u2019entreprises de l\u2019INPI<\/a>, consult\u00e9 le <strong>24 mars 2026<\/strong>. Cette formalit\u00e9 ne r\u00e8gle pas les questions de local, d\u2019assurance ou de tr\u00e9sorerie. Elle d\u00e9clenche en revanche les obligations administratives li\u00e9es \u00e0 l\u2019activit\u00e9 d\u00e9clar\u00e9e.<\/p>\n\n<h3 class=\"wp-block-heading\">Un tableau de pr\u00e9vision financi\u00e8re doit commencer par des justificatifs<\/h3>\n\n<p class=\"wp-block-paragraph\">Pour chaque d\u00e9pense, conservez un document pr\u00e9cis. Un devis de location, une grille tarifaire, un contrat, une attestation d\u2019assurance ou une facture suffit. La pr\u00e9vision ne doit pas s\u2019appuyer sur une moyenne lue sur un forum. Elle doit s\u2019appuyer sur le montant que vous paierez r\u00e9ellement et sur la date \u00e0 laquelle ce montant sera pr\u00e9lev\u00e9.<\/p>\n\n<p class=\"wp-block-paragraph\">Un relev\u00e9 documentaire dat\u00e9 peut prendre une forme tr\u00e8s sobre. Il identifie le poste, le document \u00e0 demander, la p\u00e9riodicit\u00e9 et la cons\u00e9quence en cas d\u2019oubli. Ce relev\u00e9 devient ensuite la base du tableur de gestion budg\u00e9taire. Il est plus utile qu\u2019un total g\u00e9n\u00e9ral annonc\u00e9 sans d\u00e9tail.<\/p>\n\n<figure class=\"wp-block-table\"><table>\n<thead>\n<tr>\n<th>Poste \u00e0 pr\u00e9voir<\/th>\n<th>Document \u00e0 relever<\/th>\n<th>P\u00e9riodicit\u00e9 \u00e0 inscrire<\/th>\n<th>Cons\u00e9quence pratique<\/th>\n<\/tr>\n<\/thead>\n<tbody>\n<tr>\n<td>Occupation d\u2019un cabinet<\/td>\n<td>Contrat, devis ou convention de mise \u00e0 disposition<\/td>\n<td>Mensuelle ou \u00e0 la demi-journ\u00e9e<\/td>\n<td>V\u00e9rifier les charges comprises et le pr\u00e9avis<\/td>\n<\/tr>\n<tr>\n<td>Activit\u00e9 au domicile<\/td>\n<td>Bail, r\u00e8glement de copropri\u00e9t\u00e9, attestation d\u2019assurance<\/td>\n<td>Annuelle ou mensuelle<\/td>\n<td>\u00c9viter un usage professionnel contraire au contrat<\/td>\n<\/tr>\n<tr>\n<td>Outil de visio et stockage<\/td>\n<td>Conditions tarifaires et politique de confidentialit\u00e9<\/td>\n<td>Mensuelle ou annuelle<\/td>\n<td>Pr\u00e9voir les comptes professionnels s\u00e9par\u00e9s<\/td>\n<\/tr>\n<tr>\n<td>Responsabilit\u00e9 civile professionnelle<\/td>\n<td>Conditions g\u00e9n\u00e9rales et exclusions<\/td>\n<td>Annuelle ou mensuelle<\/td>\n<td>Contr\u00f4ler la couverture exacte de l\u2019activit\u00e9 d\u00e9clar\u00e9e<\/td>\n<\/tr>\n<tr>\n<td>Cotisations sociales<\/td>\n<td>D\u00e9clarations de chiffre d\u2019affaires et \u00e9ch\u00e9ancier<\/td>\n<td>Mensuelle ou trimestrielle<\/td>\n<td>Mettre de c\u00f4t\u00e9 une part de chaque encaissement<\/td>\n<\/tr>\n<\/tbody>\n<\/table><\/figure>\n\n<p class=\"wp-block-paragraph\">Les cotisations du r\u00e9gime micro-social sont d\u00e9clar\u00e9es sur le portail de l\u2019<a href=\"https:\/\/www.autoentrepreneur.urssaf.fr\/\" target=\"_blank\" rel=\"noopener\">Urssaf auto-entrepreneur<\/a>, consult\u00e9 le <strong>24 mars 2026<\/strong>. Les taux applicables et les \u00e9ch\u00e9ances doivent \u00eatre v\u00e9rifi\u00e9s sur ce portail au moment de la d\u00e9claration, car ils \u00e9voluent selon la nature de l\u2019activit\u00e9 et les textes annuels.<\/p>\n\n<p class=\"wp-block-paragraph\">La r\u00e9serve de tr\u00e9sorerie n\u2019est pas une d\u00e9pense. C\u2019est une somme qui reste disponible sur un compte distinct, afin qu\u2019une \u00e9ch\u00e9ance professionnelle ne soit pas pay\u00e9e avec le loyer du logement ou l\u2019inverse. Cette s\u00e9paration donne une lecture plus juste de la viabilit\u00e9 du projet.<\/p>\n\n<p class=\"wp-block-paragraph\">Une pr\u00e9vision financi\u00e8re utile ne promet pas un revenu. Elle montre le montant \u00e0 encaisser avant que les charges pr\u00e9visibles commencent \u00e0 peser sur les finances personnelles.<\/p>\n\n<h2 class=\"wp-block-heading\"><span class=\"ez-toc-section\" id=\"Quel_budget_prevoir_pour_recevoir_dans_un_cabinet_partage_ou_un_local_professionnel\"><\/span>Quel budget pr\u00e9voir pour recevoir dans un cabinet partag\u00e9 ou un local professionnel\u00a0?<span class=\"ez-toc-section-end\"><\/span><\/h2>\n\n<p class=\"wp-block-paragraph\">Le cabinet donne une adresse de rendez-vous distincte du domicile. Cette solution ne signifie pas automatiquement la signature d\u2019un bail commercial. Un praticien peut louer une salle \u00e0 l\u2019heure, \u00e0 la journ\u00e9e, par cr\u00e9neau fixe ou dans le cadre d\u2019une convention de mise \u00e0 disposition. Le document sign\u00e9 d\u00e9termine la charge r\u00e9elle bien davantage que le mot employ\u00e9 dans l\u2019annonce.<\/p>\n\n<p class=\"wp-block-paragraph\">Un loyer affich\u00e9 sans d\u00e9tail est insuffisant pour \u00e9tablir le budget. Il faut relever la dur\u00e9e d\u2019engagement, le pr\u00e9avis, le d\u00e9p\u00f4t de garantie \u00e9ventuel, les charges r\u00e9cup\u00e9rables, l\u2019acc\u00e8s aux espaces communs et le co\u00fbt du m\u00e9nage. Une salle factur\u00e9e \u00e0 la journ\u00e9e peut sembler l\u00e9g\u00e8re au d\u00e9part, puis devenir plus ch\u00e8re qu\u2019un forfait mensuel si l\u2019agenda se remplit r\u00e9guli\u00e8rement.<\/p>\n\n<h3 class=\"wp-block-heading\">Les d\u00e9penses de cabinet qui ne figurent pas toujours dans l\u2019annonce<\/h3>\n\n<p class=\"wp-block-paragraph\">Le poste immobilier peut contenir plusieurs lignes. Le contrat peut inclure l\u2019\u00e9lectricit\u00e9, l\u2019acc\u00e8s internet, une salle d\u2019attente, la prise de rendez-vous ou le m\u00e9nage. Il peut aussi laisser ces frais \u00e0 la charge de l\u2019occupant. Une comparaison correcte aligne les prestations comprises, plut\u00f4t que les seuls montants mensuels.<\/p>\n\n<p class=\"wp-block-paragraph\">Le mobilier doit \u00eatre adapt\u00e9 \u00e0 l\u2019usage d\u00e9clar\u00e9 et \u00e0 la configuration du lieu. Avant d\u2019acheter, il faut v\u00e9rifier si le cabinet partag\u00e9 fournit d\u00e9j\u00e0 une assise, un bureau, un espace de rangement fermant \u00e0 cl\u00e9 et une connexion. Acheter deux fois le m\u00eame \u00e9quipement est une d\u00e9pense fr\u00e9quente lors d\u2019une installation pr\u00e9cipit\u00e9e.<\/p>\n\n<p class=\"wp-block-paragraph\">Le local impose aussi de v\u00e9rifier les conditions d\u2019accueil du public. Les r\u00e8gles relatives \u00e0 l\u2019accessibilit\u00e9 des \u00e9tablissements recevant du public sont pr\u00e9sent\u00e9es par le <a href=\"https:\/\/www.ecologie.gouv.fr\/politiques-publiques\/accessibilite-etablissements-recevant-public-erp\" target=\"_blank\" rel=\"noopener\">minist\u00e8re charg\u00e9 de l\u2019accessibilit\u00e9<\/a>, page consult\u00e9e le <strong>24 mars 2026<\/strong>. La qualification du lieu, sa cat\u00e9gorie et les responsabilit\u00e9s du propri\u00e9taire doivent \u00eatre \u00e9tablies avec le gestionnaire du local avant toute communication commerciale.<\/p>\n\n<p class=\"wp-block-paragraph\">Une adresse professionnelle ne doit pas \u00eatre annonc\u00e9e avant que son usage soit effectivement autoris\u00e9. Le praticien doit pouvoir produire la convention de location ou de mise \u00e0 disposition si un partenaire, un assureur ou une administration la demande. Cette pi\u00e8ce est aussi utile pour comprendre les r\u00e8gles d\u2019affichage, de r\u00e9ception et de r\u00e9siliation.<\/p>\n\n<h3 class=\"wp-block-heading\">Le cabinet partag\u00e9 limite le risque \u00e0 condition de chiffrer le seuil d\u2019usage<\/h3>\n\n<p class=\"wp-block-paragraph\">Le bon calcul consiste \u00e0 rapprocher le co\u00fbt d\u2019un cr\u00e9neau du chiffre d\u2019affaires r\u00e9ellement encaiss\u00e9 gr\u00e2ce \u00e0 ce cr\u00e9neau. Une location \u00e0 l\u2019heure conserve une grande souplesse. En contrepartie, elle peut compliquer la disponibilit\u00e9 des horaires les plus demand\u00e9s et rendre les d\u00e9penses variables d\u2019un mois \u00e0 l\u2019autre.<\/p>\n\n<p class=\"wp-block-paragraph\">Un forfait mensuel apporte davantage de stabilit\u00e9. Il engage toutefois le praticien \u00e0 payer m\u00eame lorsque les rendez-vous diminuent. Dans les douze premiers mois, un engagement court avec un pr\u00e9avis lisible prot\u00e8ge mieux la tr\u00e9sorerie qu\u2019un contrat long sign\u00e9 pour obtenir une remise initiale.<\/p>\n\n<p class=\"wp-block-paragraph\">La responsabilit\u00e9 civile professionnelle doit \u00eatre lue avec le m\u00eame soin. Le Code civil fixe le principe g\u00e9n\u00e9ral de responsabilit\u00e9 pour le dommage caus\u00e9 \u00e0 autrui dans son <a href=\"https:\/\/www.legifrance.gouv.fr\/codes\/article_lc\/LEGIARTI000032041571\" target=\"_blank\" rel=\"noopener\">article 1240<\/a>, consult\u00e9 le <strong>24 mars 2026<\/strong>. Le contrat d\u2019assurance, lui, peut comporter des exclusions ou des activit\u00e9s non d\u00e9clar\u00e9es. Un courtier ou un assureur doit confirmer par \u00e9crit que l\u2019activit\u00e9, le lieu et les interventions \u00e0 distance sont compris dans la garantie.<\/p>\n\n<p class=\"wp-block-paragraph\">Ce point-l\u00e0 se pose avec un courtier ou un assureur. Il se traite en apportant le descriptif pr\u00e9cis de l\u2019activit\u00e9, les lieux o\u00f9 elle se d\u00e9roule et les documents contractuels du cabinet partag\u00e9.<\/p>\n\n<figure class=\"is-provider-youtube is-type-video wp-block-embed wp-block-embed-youtube wp-embed-aspect-16-9 wp-has-aspect-ratio\"><div class=\"wp-block-embed__wrapper\">\n<iframe loading=\"lazy\" title=\"Censurer le budget, une bonne tactique pour les candidats ?\" width=\"500\" height=\"281\" src=\"https:\/\/www.youtube.com\/embed\/rswL80f9aDA?feature=oembed\" frameborder=\"0\" allow=\"accelerometer; autoplay; clipboard-write; encrypted-media; gyroscope; picture-in-picture; web-share\" referrerpolicy=\"strict-origin-when-cross-origin\" allowfullscreen><\/iframe>\n<\/div><\/figure>\n\n<p class=\"wp-block-paragraph\">Le cabinet devient une charge ma\u00eetrisable lorsque chaque service factur\u00e9 dans le contrat a une utilit\u00e9 concr\u00e8te pour l\u2019organisation. Un local plus visible ne corrige pas, \u00e0 lui seul, une pr\u00e9vision financi\u00e8re impr\u00e9cise.<\/p>\n\n<h2 class=\"wp-block-heading\"><span class=\"ez-toc-section\" id=\"Quelles_depenses_verifier_avant_de_recevoir_des_clients_a_domicile\"><\/span>Quelles d\u00e9penses v\u00e9rifier avant de recevoir des clients \u00e0 domicile\u00a0?<span class=\"ez-toc-section-end\"><\/span><\/h2>\n\n<p class=\"wp-block-paragraph\">Le domicile semble \u00eatre la formule la moins co\u00fbteuse parce qu\u2019il \u00e9vite un deuxi\u00e8me loyer. Cette \u00e9conomie est r\u00e9elle lorsque la pi\u00e8ce existe d\u00e9j\u00e0, qu\u2019elle est s\u00e9par\u00e9e des espaces priv\u00e9s et que son usage professionnel est compatible avec les contrats en place. Elle dispara\u00eet lorsqu\u2019il faut transformer durablement le logement ou supporter des travaux non pr\u00e9vus.<\/p>\n\n<p class=\"wp-block-paragraph\">Le premier document \u00e0 lire est le bail. Une clause peut encadrer l\u2019exercice d\u2019une activit\u00e9 professionnelle dans les lieux lou\u00e9s. Le r\u00e8glement de copropri\u00e9t\u00e9 peut \u00e9galement fixer des r\u00e8gles sur les nuisances, les parties communes, les plaques ou la r\u00e9ception de visiteurs. Le propri\u00e9taire, le syndic ou l\u2019agence ne remplacent pas le texte sign\u00e9. Il faut donc conserver une copie dat\u00e9e de chaque r\u00e9ponse \u00e9crite obtenue.<\/p>\n\n<h3 class=\"wp-block-heading\">Le domicile m\u00eale deux budgets qui doivent rester s\u00e9par\u00e9s<\/h3>\n\n<p class=\"wp-block-paragraph\">Une partie des charges du logement rel\u00e8ve de la vie priv\u00e9e. Une autre peut d\u00e9couler de l\u2019activit\u00e9, comme une connexion renforc\u00e9e, du mobilier, un rangement s\u00e9curis\u00e9 ou une assurance compl\u00e9mentaire. M\u00e9langer ces lignes emp\u00eache de conna\u00eetre le co\u00fbt r\u00e9el de l\u2019activit\u00e9. Il devient alors difficile de fixer un tarif ou de d\u00e9cider d\u2019un passage ult\u00e9rieur vers un cabinet.<\/p>\n\n<p class=\"wp-block-paragraph\">La domiciliation d\u2019une entreprise individuelle et l\u2019exercice effectif de l\u2019activit\u00e9 dans le logement sont deux sujets diff\u00e9rents. Les informations g\u00e9n\u00e9rales sur la domiciliation sont pr\u00e9sent\u00e9es par le <a href=\"https:\/\/www.service-public.fr\/professionnels-entreprises\/vosdroits\/F2160\" target=\"_blank\" rel=\"noopener\">site officiel de l\u2019administration fran\u00e7aise<\/a>, consult\u00e9 le <strong>24 mars 2026<\/strong>. Ce texte ne dispense pas de relire le bail, le r\u00e8glement de copropri\u00e9t\u00e9 et l\u2019assurance habitation.<\/p>\n\n<p class=\"wp-block-paragraph\">Le budget doit inclure la mise en confidentialit\u00e9 du lieu. Une porte fermant correctement, un rangement non accessible aux proches et un poste informatique prot\u00e9g\u00e9 ne sont pas des d\u00e9tails d\u00e9coratifs. Ils conditionnent la capacit\u00e9 \u00e0 traiter des coordonn\u00e9es, des factures et des notes de rendez-vous sans exposition inutile.<\/p>\n\n<p class=\"wp-block-paragraph\">La CNIL rappelle, dans ses ressources destin\u00e9es aux professionnels, que les donn\u00e9es personnelles doivent \u00eatre trait\u00e9es avec des mesures adapt\u00e9es au risque. La page <a href=\"https:\/\/www.cnil.fr\/fr\/comprendre-le-rgpd\" target=\"_blank\" rel=\"noopener\">Comprendre le RGPD<\/a>, consult\u00e9e le <strong>24 mars 2026<\/strong>, donne le cadre g\u00e9n\u00e9ral. Le choix d\u2019un meuble verrouillable, d\u2019un mot de passe individuel et d\u2019une messagerie professionnelle rel\u00e8ve directement de cette obligation de prudence.<\/p>\n\n<h3 class=\"wp-block-heading\">Les d\u00e9placements vers le domicile des clients doivent devenir une ligne chiffr\u00e9e<\/h3>\n\n<p class=\"wp-block-paragraph\">Lorsque le praticien se d\u00e9place au domicile du client, le v\u00e9hicule ne doit pas \u00eatre consid\u00e9r\u00e9 comme gratuit. Il faut relever le carburant, le stationnement, les p\u00e9ages \u00e9ventuels, l\u2019usure du v\u00e9hicule, le temps de trajet et l\u2019assurance. M\u00eame si certains frais sont d\u00e9j\u00e0 pay\u00e9s \u00e0 titre personnel, l\u2019activit\u00e9 augmente parfois leur fr\u00e9quence.<\/p>\n\n<p class=\"wp-block-paragraph\">Une zone de d\u00e9placement limit\u00e9e permet de conserver un agenda coh\u00e9rent. Le probl\u00e8me n\u2019est pas le trajet isol\u00e9. Le probl\u00e8me appara\u00eet lorsque plusieurs rendez-vous courts, \u00e9loign\u00e9s et mal regroup\u00e9s absorbent une journ\u00e9e sans produire un encaissement proportionn\u00e9. La gestion budg\u00e9taire commence ici par un calendrier r\u00e9aliste, pas par un tableau sophistiqu\u00e9.<\/p>\n\n<ul class=\"wp-block-list\"><li>Conservez le bail, le r\u00e8glement de copropri\u00e9t\u00e9 et les \u00e9changes \u00e9crits sur l\u2019usage professionnel du logement.<\/li><li>Demandez \u00e0 l\u2019assureur habitation si la r\u00e9ception de clients ou les d\u00e9placements sont couverts par le contrat actuel.<\/li><li>Cr\u00e9ez une ligne distincte pour les fournitures, le rangement s\u00e9curis\u00e9 et les abonnements professionnels.<\/li><li>Inscrivez les frais de transport d\u00e8s le premier mois, m\u00eame si aucun remboursement n\u2019est demand\u00e9.<\/li><\/ul>\n\n<p class=\"wp-block-paragraph\">Le domicile est financi\u00e8rement int\u00e9ressant lorsque la s\u00e9paration entre vie priv\u00e9e et activit\u00e9 peut \u00eatre organis\u00e9e mat\u00e9riellement et contractuellement. Sans cette s\u00e9paration, le co\u00fbt faible du d\u00e9part peut se transformer en difficult\u00e9 durable.<\/p>\n\n<h2 class=\"wp-block-heading\"><span class=\"ez-toc-section\" id=\"Comment_budgeter_une_activite_en_visio_sans_sous-estimer_les_outils_et_la_confidentialite\"><\/span>Comment budg\u00e9ter une activit\u00e9 en visio sans sous-estimer les outils et la confidentialit\u00e9\u00a0?<span class=\"ez-toc-section-end\"><\/span><\/h2>\n\n<p class=\"wp-block-paragraph\">La visio enl\u00e8ve le loyer d\u2019une salle, mais elle ne supprime pas l\u2019obligation d\u2019organisation. Une activit\u00e9 \u00e0 distance repose sur une connexion stable, un \u00e9quipement r\u00e9serv\u00e9 au travail, une solution de rendez-vous, un syst\u00e8me de facturation et un environnement qui ne laisse pas entendre ou voir les \u00e9changes.<\/p>\n\n<p class=\"wp-block-paragraph\">Le co\u00fbt visible est souvent l\u2019abonnement de visioconf\u00e9rence. Les d\u00e9penses moins visibles concernent le stockage, la maintenance informatique, les sauvegardes, un casque, une webcam, un second \u00e9cran ou une solution de signature. L\u2019achat n\u2019est pas toujours n\u00e9cessaire d\u00e8s le d\u00e9but. En revanche, chaque outil gratuit doit \u00eatre lu jusqu\u2019aux limites d\u2019usage, aux conditions de conservation des donn\u00e9es et aux fonctions payantes d\u00e9clench\u00e9es au-del\u00e0 d\u2019un certain volume.<\/p>\n\n<h3 class=\"wp-block-heading\">La facturation en visio demande les m\u00eames pi\u00e8ces que le cabinet<\/h3>\n\n<p class=\"wp-block-paragraph\">La distance ne retire pas les obligations de facturation. L\u2019administration d\u00e9taille les mentions obligatoires des factures professionnelles sur <a href=\"https:\/\/www.economie.gouv.fr\/entreprises\/factures-mentions-obligatoires\" target=\"_blank\" rel=\"noopener\">economie.gouv.fr<\/a>, page consult\u00e9e le <strong>24 mars 2026<\/strong>. Le document doit \u00eatre \u00e9mis, conserv\u00e9 et class\u00e9 de fa\u00e7on \u00e0 retrouver l\u2019op\u00e9ration sans d\u00e9pendre d\u2019une conversation de messagerie.<\/p>\n\n<p class=\"wp-block-paragraph\">Le praticien doit aussi fixer une r\u00e8gle de paiement claire. Paiement avant le rendez-vous, \u00e0 l\u2019issue de celui-ci ou sur facture envoy\u00e9e le jour m\u00eame, chaque option produit un risque diff\u00e9rent de retard. La r\u00e8gle choisie doit appara\u00eetre dans les conditions communiqu\u00e9es au client, avec la politique d\u2019annulation applicable.<\/p>\n\n<p class=\"wp-block-paragraph\">Le recueil de donn\u00e9es ne doit pas \u00eatre plus large que n\u00e9cessaire. Une plateforme pratique n\u2019est pas automatiquement adapt\u00e9e \u00e0 la nature des informations \u00e9chang\u00e9es. La CNIL publie des recommandations sur la s\u00e9curit\u00e9 num\u00e9rique des organisations, accessibles sur sa page <a href=\"https:\/\/www.cnil.fr\/fr\/securite\" target=\"_blank\" rel=\"noopener\">S\u00e9curit\u00e9 des donn\u00e9es<\/a>, consult\u00e9e le <strong>24 mars 2026<\/strong>. Elles permettent de v\u00e9rifier les mots de passe, les mises \u00e0 jour, les droits d\u2019acc\u00e8s et les sauvegardes.<\/p>\n\n<h3 class=\"wp-block-heading\">La visio r\u00e9duit les charges fixes mais augmente la d\u00e9pendance aux processus<\/h3>\n\n<p class=\"wp-block-paragraph\">Un cabinet peut fonctionner quelques heures avec une connexion d\u00e9faillante, \u00e0 condition que les rendez-vous soient sur place. En visio, une panne coupe imm\u00e9diatement la possibilit\u00e9 de facturer. Le budget des douze premiers mois doit donc pr\u00e9voir un plan de continuit\u00e9, comme une connexion de secours, un num\u00e9ro professionnel et une proc\u00e9dure de report des rendez-vous.<\/p>\n\n<p class=\"wp-block-paragraph\">La pr\u00e9sence num\u00e9rique m\u00e9rite aussi une d\u00e9pense limit\u00e9e et contr\u00f4l\u00e9e. Un nom de domaine, une adresse \u00e9lectronique professionnelle et une page pr\u00e9sentant les informations d\u2019identification peuvent suffire au d\u00e9marrage. Le Code de la consommation encadre les pratiques commerciales trompeuses \u00e0 l\u2019<a href=\"https:\/\/www.legifrance.gouv.fr\/codes\/article_lc\/LEGIARTI000045292248\" target=\"_blank\" rel=\"noopener\">article L.121-2<\/a>, consult\u00e9 le <strong>24 mars 2026<\/strong>. Les promesses sur un site doivent donc rester v\u00e9rifiables et ne pas attribuer \u00e0 l\u2019activit\u00e9 des effets qui ne peuvent pas \u00eatre \u00e9tablis.<\/p>\n\n<p class=\"wp-block-paragraph\">Un outil doit \u00eatre retenu pour sa fonction document\u00e9e, son co\u00fbt total et la possibilit\u00e9 d\u2019exporter les donn\u00e9es. Une solution qui enferme les factures et le calendrier dans un format inaccessible peut co\u00fbter peu au d\u00e9part, puis compliquer un changement d\u2019organisation.<\/p>\n\n<figure class=\"is-provider-youtube is-type-video wp-block-embed wp-block-embed-youtube wp-embed-aspect-16-9 wp-has-aspect-ratio\"><div class=\"wp-block-embed__wrapper\">\n<iframe loading=\"lazy\" title=\"Encadrement des loyers : 4 annonces sur 10 d\u00e9passent les plafonds\" width=\"500\" height=\"281\" src=\"https:\/\/www.youtube.com\/embed\/o1KY8m_ZC5E?feature=oembed\" frameborder=\"0\" allow=\"accelerometer; autoplay; clipboard-write; encrypted-media; gyroscope; picture-in-picture; web-share\" referrerpolicy=\"strict-origin-when-cross-origin\" allowfullscreen><\/iframe>\n<\/div><\/figure>\n\n<p class=\"wp-block-paragraph\">La visio devient rentable lorsqu\u2019elle repose sur un environnement professionnel stable, et non sur l\u2019addition de comptes gratuits ouverts au fil des besoins.<\/p>\n\n<h2 class=\"wp-block-heading\"><span class=\"ez-toc-section\" id=\"Comment_suivre_les_depenses_mensuelles_et_proteger_la_tresorerie_pendant_la_premiere_annee\"><\/span>Comment suivre les d\u00e9penses mensuelles et prot\u00e9ger la tr\u00e9sorerie pendant la premi\u00e8re ann\u00e9e\u00a0?<span class=\"ez-toc-section-end\"><\/span><\/h2>\n\n<p class=\"wp-block-paragraph\">Le suivi financier doit \u00eatre mensuel d\u00e8s le premier encaissement. Attendre la d\u00e9claration annuelle ou le bilan bancaire de d\u00e9cembre revient \u00e0 d\u00e9couvrir trop tard les abonnements oubli\u00e9s et les charges sous-estim\u00e9es. Un tableur suffit lorsqu\u2019il est tenu r\u00e9guli\u00e8rement et rapproch\u00e9 du compte bancaire professionnel ou du compte d\u00e9di\u00e9 \u00e0 l\u2019activit\u00e9.<\/p>\n\n<p class=\"wp-block-paragraph\">Chaque mois doit pr\u00e9senter quatre colonnes. La premi\u00e8re reprend les encaissements r\u00e9ellement re\u00e7us. La deuxi\u00e8me recense les d\u00e9penses fixes. La troisi\u00e8me regroupe les d\u00e9penses variables, comme les d\u00e9placements ou les locations ponctuelles. La quatri\u00e8me r\u00e9serve une part des sommes \u00e0 venir, notamment les cotisations et l\u2019imp\u00f4t selon le r\u00e9gime choisi.<\/p>\n\n<h3 class=\"wp-block-heading\">Le budget ne doit pas confondre chiffre d\u2019affaires et argent disponible<\/h3>\n\n<p class=\"wp-block-paragraph\">Le chiffre d\u2019affaires correspond aux sommes encaiss\u00e9es au titre de l\u2019activit\u00e9. Il ne repr\u00e9sente ni un revenu personnel ni une marge disponible. Avant tout virement vers les finances priv\u00e9es, il faut identifier les paiements professionnels du mois suivant et la part r\u00e9serv\u00e9e aux obligations d\u00e9claratives.<\/p>\n\n<p class=\"wp-block-paragraph\">La contribution fonci\u00e8re des entreprises peut concerner les entrepreneurs, y compris lorsque l\u2019activit\u00e9 est exerc\u00e9e \u00e0 domicile ou sans local commercial. Les r\u00e8gles g\u00e9n\u00e9rales, les exon\u00e9rations possibles et les d\u00e9marches sont pr\u00e9sent\u00e9es sur <a href=\"https:\/\/www.impots.gouv.fr\/professionnel\/la-cotisation-fonciere-des-entreprises-cfe\" target=\"_blank\" rel=\"noopener\">impots.gouv.fr<\/a>, consult\u00e9 le <strong>24 mars 2026<\/strong>. Le montant d\u00e9pend notamment de la commune et de la situation de l\u2019entreprise. Il ne doit donc pas \u00eatre remplac\u00e9 par un chiffre national approximatif dans une pr\u00e9vision.<\/p>\n\n<p class=\"wp-block-paragraph\">Ce point-l\u00e0 se traite avec un expert-comptable si le choix porte sur le r\u00e9gime fiscal, la d\u00e9duction de frais partag\u00e9s ou la cr\u00e9ation d\u2019une soci\u00e9t\u00e9. Il faut lui apporter le pr\u00e9visionnel d\u2019encaissements, les contrats de local ou de logiciels et la liste des d\u00e9penses d\u00e9j\u00e0 engag\u00e9es.<\/p>\n\n<h3 class=\"wp-block-heading\">Un contr\u00f4le trimestriel \u00e9vite les d\u00e9cisions prises sur une impression<\/h3>\n\n<p class=\"wp-block-paragraph\">Tous les trois mois, comparez le budget pr\u00e9vu aux d\u00e9penses r\u00e9ellement pay\u00e9es. Une location de cabinet peut \u00eatre arr\u00eat\u00e9e ou r\u00e9duite si elle consomme une part trop importante des recettes. \u00c0 l\u2019inverse, un forfait plus large peut devenir justifi\u00e9 si les cr\u00e9neaux ponctuels sont r\u00e9guli\u00e8rement complets.<\/p>\n\n<p class=\"wp-block-paragraph\">Le m\u00eame contr\u00f4le s\u2019applique \u00e0 la visio et aux d\u00e9placements au domicile. Un abonnement utilis\u00e9 une fois par mois doit \u00eatre r\u00e9examin\u00e9. Un trajet r\u00e9current qui d\u00e9sorganise l\u2019agenda doit \u00eatre int\u00e9gr\u00e9 dans la politique tarifaire ou dans la zone de rendez-vous propos\u00e9e. La d\u00e9cision repose alors sur des relev\u00e9s, non sur une impression de surcharge.<\/p>\n\n<p class=\"wp-block-paragraph\">La gestion budg\u00e9taire gagne \u00e0 pr\u00e9voir un compte ou une enveloppe distincte pour les \u00e9ch\u00e9ances professionnelles. Le montant transf\u00e9r\u00e9 apr\u00e8s chaque r\u00e8glement d\u00e9pend du r\u00e9gime d\u00e9clar\u00e9 et de la situation fiscale. Le portail <a href=\"https:\/\/www.autoentrepreneur.urssaf.fr\/portail\/accueil\/gerer-mon-auto-entreprise\/declarer-et-payer.html\" target=\"_blank\" rel=\"noopener\">D\u00e9clarer et payer de l\u2019Urssaf<\/a>, consult\u00e9 le <strong>24 mars 2026<\/strong>, doit \u00eatre v\u00e9rifi\u00e9 avant chaque d\u00e9claration plut\u00f4t que consult\u00e9 une seule fois lors de l\u2019installation.<\/p>\n\n<p class=\"wp-block-paragraph\">Une pr\u00e9vision financi\u00e8re devient fiable lorsqu\u2019elle est corrig\u00e9e \u00e0 partir des relev\u00e9s bancaires, des factures et des contrats sign\u00e9s. C\u2019est ce contr\u00f4le r\u00e9gulier qui permet de choisir entre cabinet, domicile et visio sans mettre les douze premiers mois sous tension inutile.<\/p>\n\n<script type=\"application\/ld+json\">\n{\"@context\":\"https:\/\/schema.org\",\"@type\":\"FAQPage\",\"mainEntity\":[{\"@type\":\"Question\",\"name\":\"Faut-il ouvrir un cabinet du00e8s la premiu00e8re annu00e9e ?\",\"acceptedAnswer\":{\"@type\":\"Answer\",\"text\":\"Non. Un cabinet nu2019est justifiu00e9 que si son cou00fbt, ses cru00e9neaux disponibles et les services inclus correspondent u00e0 votre niveau ru00e9el de rendez-vous. Une convention courte ou un espace partagu00e9 limite gu00e9nu00e9ralement lu2019engagement initial.\"}},{\"@type\":\"Question\",\"name\":\"Peut-on recevoir des clients u00e0 domicile en u00e9tant locataire ?\",\"acceptedAnswer\":{\"@type\":\"Answer\",\"text\":\"Cela du00e9pend du bail, du ru00e8glement de copropriu00e9tu00e9, de lu2019assurance et des conditions concru00e8tes de ru00e9ception. La domiciliation de lu2019entreprise ne suffit pas u00e0 autoriser lu2019accueil de clients dans le logement.\"}},{\"@type\":\"Question\",\"name\":\"Quels frais faut-il isoler dans une activitu00e9 en visio ?\",\"acceptedAnswer\":{\"@type\":\"Answer\",\"text\":\"La connexion, les outils de rendez-vous, le stockage, la facturation, lu2019u00e9quipement informatique, les sauvegardes et les solutions de confidentialitu00e9 doivent apparau00eetre su00e9paru00e9ment dans le budget.\"}},{\"@type\":\"Question\",\"name\":\"Pourquoi conserver une ru00e9serve de tru00e9sorerie si les charges sont faibles ?\",\"acceptedAnswer\":{\"@type\":\"Answer\",\"text\":\"Les charges faibles restent des charges exigibles. Une ru00e9serve u00e9vite de financer les cotisations, les abonnements ou une assurance professionnelle avec les du00e9penses personnelles lors des premiers mois irru00e9guliers.\"}}]}\n<\/script>\n<h3>Faut-il ouvrir un cabinet d\u00e8s la premi\u00e8re ann\u00e9e ?<\/h3>\n<p>Non. Un cabinet n\u2019est justifi\u00e9 que si son co\u00fbt, ses cr\u00e9neaux disponibles et les services inclus correspondent \u00e0 votre niveau r\u00e9el de rendez-vous. Une convention courte ou un espace partag\u00e9 limite g\u00e9n\u00e9ralement l\u2019engagement initial.<\/p>\n<h3>Peut-on recevoir des clients \u00e0 domicile en \u00e9tant locataire ?<\/h3>\n<p>Cela d\u00e9pend du bail, du r\u00e8glement de copropri\u00e9t\u00e9, de l\u2019assurance et des conditions concr\u00e8tes de r\u00e9ception. La domiciliation de l\u2019entreprise ne suffit pas \u00e0 autoriser l\u2019accueil de clients dans le logement.<\/p>\n<h3>Quels frais faut-il isoler dans une activit\u00e9 en visio ?<\/h3>\n<p>La connexion, les outils de rendez-vous, le stockage, la facturation, l\u2019\u00e9quipement informatique, les sauvegardes et les solutions de confidentialit\u00e9 doivent appara\u00eetre s\u00e9par\u00e9ment dans le budget.<\/p>\n<h3>Pourquoi conserver une r\u00e9serve de tr\u00e9sorerie si les charges sont faibles ?<\/h3>\n<p>Les charges faibles restent des charges exigibles. Une r\u00e9serve \u00e9vite de financer les cotisations, les abonnements ou une assurance professionnelle avec les d\u00e9penses personnelles lors des premiers mois irr\u00e9guliers.<\/p>\n\n","protected":false},"excerpt":{"rendered":"<p>Le budget des douze premiers mois ne se r\u00e9sume pas au loyer d\u2019un cabinet. Le choix entre cabinet, domicile et visio modifie les charges fixes, les assurances, la protection des donn\u00e9es, les d\u00e9placements et le niveau de tr\u00e9sorerie \u00e0 conserver. Un d\u00e9marrage sobre repose sur des d\u00e9penses tra\u00e7ables, mensualis\u00e9es et s\u00e9par\u00e9es des finances personnelles. Ce [&hellip;]<\/p>\n","protected":false},"author":1,"featured_media":0,"comment_status":"open","ping_status":"closed","sticky":false,"template":"","format":"standard","meta":{"footnotes":""},"categories":[1],"tags":[],"class_list":["post-86","post","type-post","status-publish","format-standard","hentry","category-s-installer-en-cabinet"],"_links":{"self":[{"href":"https:\/\/prosdelanature.fr\/blog\/wp-json\/wp\/v2\/posts\/86","targetHints":{"allow":["GET"]}}],"collection":[{"href":"https:\/\/prosdelanature.fr\/blog\/wp-json\/wp\/v2\/posts"}],"about":[{"href":"https:\/\/prosdelanature.fr\/blog\/wp-json\/wp\/v2\/types\/post"}],"author":[{"embeddable":true,"href":"https:\/\/prosdelanature.fr\/blog\/wp-json\/wp\/v2\/users\/1"}],"replies":[{"embeddable":true,"href":"https:\/\/prosdelanature.fr\/blog\/wp-json\/wp\/v2\/comments?post=86"}],"version-history":[{"count":0,"href":"https:\/\/prosdelanature.fr\/blog\/wp-json\/wp\/v2\/posts\/86\/revisions"}],"wp:attachment":[{"href":"https:\/\/prosdelanature.fr\/blog\/wp-json\/wp\/v2\/media?parent=86"}],"wp:term":[{"taxonomy":"category","embeddable":true,"href":"https:\/\/prosdelanature.fr\/blog\/wp-json\/wp\/v2\/categories?post=86"},{"taxonomy":"post_tag","embeddable":true,"href":"https:\/\/prosdelanature.fr\/blog\/wp-json\/wp\/v2\/tags?post=86"}],"curies":[{"name":"wp","href":"https:\/\/api.w.org\/{rel}","templated":true}]}}