{"id":87,"date":"2026-09-04T12:50:50","date_gmt":"2026-09-04T12:50:50","guid":{"rendered":"https:\/\/prosdelanature.fr\/blog\/allegations-sante-interdites\/"},"modified":"2026-09-04T12:50:50","modified_gmt":"2026-09-04T12:50:50","slug":"allegations-sante-interdites","status":"publish","type":"post","link":"https:\/\/prosdelanature.fr\/blog\/allegations-sante-interdites\/","title":{"rendered":"All\u00e9gations sant\u00e9 interdites sur un site de praticien"},"content":{"rendered":"<p class=\"wp-block-paragraph\">Un site de praticien ne peut pas attribuer \u00e0 une prestation, un produit ou une huile essentielle des effets de pr\u00e9vention, de traitement ou de gu\u00e9rison. Les <strong>all\u00e9gations sant\u00e9<\/strong> engagent la responsabilit\u00e9 de l\u2019\u00e9diteur, y compris lorsqu\u2019elles figurent dans un t\u00e9moignage, une publication sociale ou un lien affili\u00e9.<\/p>\n\n<p class=\"wp-block-paragraph\"><strong>En bref<\/strong><\/p>\n\n<ul class=\"wp-block-list\"><li>Une promesse portant sur une maladie, un sympt\u00f4me, un diagnostic ou un traitement peut relever d\u2019une communication interdite.<\/li><li>Un compl\u00e9ment alimentaire ne peut reprendre que les all\u00e9gations autoris\u00e9es par le registre europ\u00e9en, avec leurs conditions d\u2019emploi.<\/li><li>Une commission, un code promotionnel ou un lien d\u2019affiliation transforme la recommandation en publicit\u00e9 et doit \u00eatre signal\u00e9 clairement.<\/li><li>Les avis clients, visuels, stories et fiches de plateformes font partie du <strong>site praticien<\/strong> au sens large de votre communication.<\/li><\/ul>\n\n<p class=\"wp-block-paragraph\">Ce contr\u00f4le porte sur les pages de prestations, les fiches produits, les r\u00e9seaux sociaux, les newsletters et les documents remis \u00e0 la client\u00e8le. Il ne traite ni de l\u2019efficacit\u00e9 des m\u00e9thodes ni de la valeur d\u2019un produit. Un doute sur une formulation litigieuse se tranche avec un avocat en droit de la consommation ou du num\u00e9rique.<\/p>\n\n<div id=\"ez-toc-container\" class=\"ez-toc-v2_0_87 counter-hierarchy ez-toc-counter ez-toc-grey ez-toc-container-direction\">\n<div class=\"ez-toc-title-container\">\n<p class=\"ez-toc-title\" style=\"cursor:inherit\">Sommaire<\/p>\n<span class=\"ez-toc-title-toggle\"><a href=\"#\" class=\"ez-toc-pull-right ez-toc-btn ez-toc-btn-xs ez-toc-btn-default ez-toc-toggle\" aria-label=\"Toggle Table of Content\"><span class=\"ez-toc-js-icon-con\"><span class=\"\"><span class=\"eztoc-hide\" style=\"display:none;\">Toggle<\/span><span class=\"ez-toc-icon-toggle-span\"><svg style=\"fill: #999;color:#999\" xmlns=\"http:\/\/www.w3.org\/2000\/svg\" class=\"list-377408\" width=\"20px\" height=\"20px\" viewBox=\"0 0 24 24\" fill=\"none\"><path d=\"M6 6H4v2h2V6zm14 0H8v2h12V6zM4 11h2v2H4v-2zm16 0H8v2h12v-2zM4 16h2v2H4v-2zm16 0H8v2h12v-2z\" fill=\"currentColor\"><\/path><\/svg><svg style=\"fill: #999;color:#999\" class=\"arrow-unsorted-368013\" xmlns=\"http:\/\/www.w3.org\/2000\/svg\" width=\"10px\" height=\"10px\" viewBox=\"0 0 24 24\" version=\"1.2\" baseProfile=\"tiny\"><path d=\"M18.2 9.3l-6.2-6.3-6.2 6.3c-.2.2-.3.4-.3.7s.1.5.3.7c.2.2.4.3.7.3h11c.3 0 .5-.1.7-.3.2-.2.3-.5.3-.7s-.1-.5-.3-.7zM5.8 14.7l6.2 6.3 6.2-6.3c.2-.2.3-.5.3-.7s-.1-.5-.3-.7c-.2-.2-.4-.3-.7-.3h-11c-.3 0-.5.1-.7.3-.2.2-.3.5-.3.7s.1.5.3.7z\"\/><\/svg><\/span><\/span><\/span><\/a><\/span><\/div>\n<nav><ul class='ez-toc-list ez-toc-list-level-1 eztoc-toggle-hide-by-default' ><li class='ez-toc-page-1 ez-toc-heading-level-2'><a class=\"ez-toc-link ez-toc-heading-1\" href=\"https:\/\/prosdelanature.fr\/blog\/allegations-sante-interdites\/#Quelles_allegations_sante_sont_interdites_sur_un_site_de_praticien\" >Quelles all\u00e9gations sant\u00e9 sont interdites sur un site de praticien ?<\/a><\/li><li class='ez-toc-page-1 ez-toc-heading-level-2'><a class=\"ez-toc-link ez-toc-heading-2\" href=\"https:\/\/prosdelanature.fr\/blog\/allegations-sante-interdites\/#Pourquoi_une_promesse_de_soin_peut-elle_relever_dune_pratique_medicale_interdite\" >Pourquoi une promesse de soin peut-elle relever d\u2019une pratique m\u00e9dicale interdite ?<\/a><\/li><li class='ez-toc-page-1 ez-toc-heading-level-2'><a class=\"ez-toc-link ez-toc-heading-3\" href=\"https:\/\/prosdelanature.fr\/blog\/allegations-sante-interdites\/#Comment_verifier_les_allegations_autorisees_pour_les_complements_alimentaires\" >Comment v\u00e9rifier les all\u00e9gations autoris\u00e9es pour les compl\u00e9ments alimentaires ?<\/a><\/li><li class='ez-toc-page-1 ez-toc-heading-level-2'><a class=\"ez-toc-link ez-toc-heading-4\" href=\"https:\/\/prosdelanature.fr\/blog\/allegations-sante-interdites\/#Pourquoi_les_plantes_et_huiles_essentielles_demandent-elles_une_prudence_renforcee\" >Pourquoi les plantes et huiles essentielles demandent-elles une prudence renforc\u00e9e ?<\/a><\/li><li class='ez-toc-page-1 ez-toc-heading-level-2'><a class=\"ez-toc-link ez-toc-heading-5\" href=\"https:\/\/prosdelanature.fr\/blog\/allegations-sante-interdites\/#Comment_declarer_un_lien_affilie_sans_creer_de_publicite_mensongere\" >Comment d\u00e9clarer un lien affili\u00e9 sans cr\u00e9er de publicit\u00e9 mensong\u00e8re ?<\/a><\/li><li class='ez-toc-page-1 ez-toc-heading-level-2'><a class=\"ez-toc-link ez-toc-heading-6\" href=\"https:\/\/prosdelanature.fr\/blog\/allegations-sante-interdites\/#Dans_quel_ordre_relire_un_site_de_praticien_avant_un_controle\" >Dans quel ordre relire un site de praticien avant un contr\u00f4le ?<\/a><\/li><\/ul><\/nav><\/div>\n<h2 class=\"wp-block-heading\"><span class=\"ez-toc-section\" id=\"Quelles_allegations_sante_sont_interdites_sur_un_site_de_praticien\"><\/span>Quelles all\u00e9gations sant\u00e9 sont interdites sur un site de praticien ?<span class=\"ez-toc-section-end\"><\/span><\/h2>\n\n<p class=\"wp-block-paragraph\">Le premier tri consiste \u00e0 regarder l\u2019objet r\u00e9el de la phrase. Si elle sugg\u00e8re qu\u2019une prestation, une plante, une huile essentielle, un compl\u00e9ment ou un appareil agit sur une maladie, sur un sympt\u00f4me m\u00e9dical ou sur une fonction physiologique pr\u00e9sent\u00e9e comme d\u00e9faillante, le risque commence. Le nom commercial du produit ne change rien \u00e0 l\u2019analyse.<\/p>\n\n<p class=\"wp-block-paragraph\">L\u2019article <a href=\"https:\/\/www.legifrance.gouv.fr\/codes\/article_lc\/LEGIARTI000043895147\" target=\"_blank\" rel=\"noopener\">L.5111-1 du Code de la sant\u00e9 publique<\/a>, consult\u00e9 le <strong>2 septembre 2026<\/strong>, d\u00e9finit notamment le m\u00e9dicament par pr\u00e9sentation lorsqu\u2019un produit est pr\u00e9sent\u00e9 comme poss\u00e9dant des propri\u00e9t\u00e9s curatives ou pr\u00e9ventives \u00e0 l\u2019\u00e9gard des maladies humaines. Cette r\u00e8gle vise le message publicitaire. Elle ne se limite donc pas au fabricant.<\/p>\n\n<p class=\"wp-block-paragraph\">Une page qui affirme qu\u2019une huile \u00ab prot\u00e8ge contre les virus \u00bb, qu\u2019un appareil \u00ab traite les douleurs \u00bb ou qu\u2019un produit \u00ab gu\u00e9rit l\u2019ecz\u00e9ma \u00bb franchit cette ligne. Le mot \u00ab naturel \u00bb ne retire pas la port\u00e9e th\u00e9rapeutique de la promesse. Le mot \u00ab traditionnel \u00bb ne cr\u00e9e pas davantage une autorisation g\u00e9n\u00e9rale.<\/p>\n\n<h3 class=\"wp-block-heading\">Les formulations qui font basculer une communication vers la sant\u00e9<\/h3>\n\n<p class=\"wp-block-paragraph\">Les verbes les plus expos\u00e9s sont \u00ab soigner \u00bb, \u00ab gu\u00e9rir \u00bb, \u00ab traiter \u00bb, \u00ab pr\u00e9venir \u00bb, \u00ab soulager \u00bb lorsqu\u2019ils sont associ\u00e9s \u00e0 une douleur ou \u00e0 une affection, ainsi que \u00ab combattre \u00bb, \u00ab \u00e9radiquer \u00bb et \u00ab prot\u00e9ger contre \u00bb. Les expressions \u00ab rem\u00e8de naturel \u00bb, \u00ab anti-inflammatoire naturel \u00bb, \u00ab antiviral \u00bb ou \u00ab antid\u00e9presseur naturel \u00bb posent le m\u00eame probl\u00e8me. Elles font plus que d\u00e9crire un produit ou une prestation.<\/p>\n\n<p class=\"wp-block-paragraph\">La difficult\u00e9 ne vient pas seulement des mots manifestement m\u00e9dicaux. \u00ab \u00c9limine les toxines \u00bb, \u00ab r\u00e9pare le syst\u00e8me digestif \u00bb, \u00ab r\u00e9\u00e9quilibre les hormones \u00bb, \u00ab stimule l\u2019immunit\u00e9 \u00bb ou \u00ab fait perdre cinq centim\u00e8tres garantis \u00bb peuvent \u00e9galement \u00eatre analys\u00e9s comme des promesses de r\u00e9sultat sur la sant\u00e9 ou le corps. Une information contr\u00f4l\u00e9e examine le sens complet du message, pas seulement un terme isol\u00e9.<\/p>\n\n<figure class=\"wp-block-table\"><table>\n<thead>\n<tr>\n<th>Formulation affich\u00e9e<\/th>\n<th>Risque juridique relev\u00e9<\/th>\n<th>Formulation descriptive plus prudente<\/th>\n<\/tr>\n<\/thead>\n<tbody>\n<tr>\n<td>\u00ab Traite les douleurs articulaires \u00bb<\/td>\n<td>Attribution d\u2019un effet th\u00e9rapeutique<\/td>\n<td>D\u00e9crire le d\u00e9roulement de la prestation sans mentionner une douleur ou une maladie<\/td>\n<\/tr>\n<tr>\n<td>\u00ab D\u00e9toxifie l\u2019organisme \u00bb<\/td>\n<td>Promesse physiologique impr\u00e9cise et potentiellement trompeuse<\/td>\n<td>D\u00e9crire les produits utilis\u00e9s, leur prix et les conditions de vente<\/td>\n<\/tr>\n<tr>\n<td>\u00ab Renforce vos d\u00e9fenses \u00bb<\/td>\n<td>All\u00e9gation de sant\u00e9 non conforme si elle n\u2019est pas autoris\u00e9e et reprise exactement<\/td>\n<td>Employer uniquement l\u2019all\u00e9gation europ\u00e9enne autoris\u00e9e si le produit remplit ses conditions<\/td>\n<\/tr>\n<tr>\n<td>\u00ab Rem\u00e8de naturel contre l\u2019insomnie \u00bb<\/td>\n<td>Pr\u00e9sentation d\u2019un produit comme traitement<\/td>\n<td>Ne pas relier le produit \u00e0 une pathologie ou \u00e0 un trouble m\u00e9dical<\/td>\n<\/tr>\n<\/tbody>\n<\/table><\/figure>\n\n<p class=\"wp-block-paragraph\">La description d\u2019une prestation peut rester factuelle. Vous pouvez indiquer la dur\u00e9e, le prix, les modalit\u00e9s de r\u00e9servation, le cadre de l\u2019\u00e9change et les produits vendus. Vous pouvez \u00e9galement parler de d\u00e9tente, de confort ou de sensation, \u00e0 condition de ne pas transformer cette description en promesse de prise en charge d\u2019un probl\u00e8me m\u00e9dical.<\/p>\n\n<p class=\"wp-block-paragraph\">Les t\u00e9moignages doivent \u00eatre relus avec la m\u00eame rigueur. Une cliente qui \u00e9crit \u00ab ce produit m\u2019a gu\u00e9rie \u00bb produit une affirmation risqu\u00e9e. La reprendre sur votre site, dans une story \u00e0 la une ou sur une fiche Google revient \u00e0 diffuser cette affirmation. Le fait qu\u2019elle provienne d\u2019un tiers ne vous dispense pas de votre responsabilit\u00e9 professionnelle d\u2019\u00e9diteur.<\/p>\n\n<p class=\"wp-block-paragraph\">Ce travail de relecture concerne aussi les titres SEO et les m\u00e9tadescriptions. Une page invisible dans le menu, mais toujours index\u00e9e, reste une page publi\u00e9e. Une ancienne publication copi\u00e9e sur plusieurs r\u00e9seaux doit donc \u00eatre supprim\u00e9e ou corrig\u00e9e \u00e0 chaque endroit o\u00f9 elle demeure accessible.<\/p>\n\n<h2 class=\"wp-block-heading\"><span class=\"ez-toc-section\" id=\"Pourquoi_une_promesse_de_soin_peut-elle_relever_dune_pratique_medicale_interdite\"><\/span>Pourquoi une promesse de soin peut-elle relever d\u2019une pratique m\u00e9dicale interdite ?<span class=\"ez-toc-section-end\"><\/span><\/h2>\n\n<p class=\"wp-block-paragraph\">Le risque n\u2019est pas uniquement commercial. Lorsqu\u2019un professionnel non m\u00e9decin pose un diagnostic, propose un traitement d\u2019une maladie ou organise une prescription personnalis\u00e9e, il peut entrer sur le terrain de l\u2019exercice ill\u00e9gal de la m\u00e9decine. L\u2019article <a href=\"https:\/\/www.legifrance.gouv.fr\/codes\/article_lc\/LEGIARTI000006687593\" target=\"_blank\" rel=\"noopener\">L.4161-1 du Code de la sant\u00e9 publique<\/a>, consult\u00e9 le <strong>2 septembre 2026<\/strong>, vise la pratique habituelle d\u2019actes tels que le diagnostic ou le traitement des maladies.<\/p>\n\n<p class=\"wp-block-paragraph\">Le texte regarde les actes et les propos. Un titre affich\u00e9 sur une plaque, une carte de visite ou un site ne rend pas licite une pratique m\u00e9dicale. Inversement, un praticien non m\u00e9decin peut pr\u00e9senter son activit\u00e9 professionnelle sans se pr\u00e9tendre titulaire d\u2019une profession de sant\u00e9 r\u00e9glement\u00e9e ni promettre la r\u00e9solution d\u2019une pathologie.<\/p>\n\n<h3 class=\"wp-block-heading\">Le diagnostic, la prescription et la personnalisation m\u00e9dicalis\u00e9e<\/h3>\n\n<p class=\"wp-block-paragraph\">Dire \u00e0 une personne qu\u2019elle souffre d\u2019une maladie, interpr\u00e9ter ses sympt\u00f4mes comme un diagnostic ou lui demander d\u2019arr\u00eater un traitement prescrit sont des lignes \u00e0 ne pas franchir. Il en va de m\u00eame d\u2019une recommandation formul\u00e9e comme une posologie destin\u00e9e \u00e0 traiter une affection identifi\u00e9e. Le vocabulaire employ\u00e9 dans un questionnaire de premi\u00e8re s\u00e9ance m\u00e9rite donc une v\u00e9rification pr\u00e9cise.<\/p>\n\n<p class=\"wp-block-paragraph\">Les formulaires constituent un point souvent n\u00e9glig\u00e9. Une rubrique demandant les traitements en cours, les ant\u00e9c\u00e9dents, les diagnostics et les sympt\u00f4mes recueille des donn\u00e9es susceptibles de relever des donn\u00e9es de sant\u00e9. La Commission nationale de l\u2019informatique et des libert\u00e9s rappelle, dans sa page sur <a href=\"https:\/\/www.cnil.fr\/fr\/definition\/donnee-sensible\" target=\"_blank\" rel=\"noopener\">les donn\u00e9es sensibles<\/a> consult\u00e9e le <strong>2 septembre 2026<\/strong>, que les informations concernant la sant\u00e9 b\u00e9n\u00e9ficient d\u2019une protection renforc\u00e9e.<\/p>\n\n<p class=\"wp-block-paragraph\">La prudence ne consiste pas \u00e0 modifier artificiellement tous les mots m\u00e9dicaux par des termes vagues. Remplacer \u00ab maladie \u00bb par \u00ab d\u00e9s\u00e9quilibre \u00bb ne prot\u00e8ge pas une page si le message promet toujours de pr\u00e9venir ou traiter l\u2019affection vis\u00e9e. Le contr\u00f4le porte sur la promesse comprise par le lecteur moyen, pas sur une simple substitution de vocabulaire.<\/p>\n\n<p class=\"wp-block-paragraph\">Une clause indiquant qu\u2019une prestation ne remplace pas un avis m\u00e9dical ou un traitement prescrit peut clarifier votre cadre. Elle ne corrige cependant pas une page qui annonce simultan\u00e9ment qu\u2019elle soigne une maladie. Le bandeau de pr\u00e9caution et le contenu principal doivent aller dans le m\u00eame sens.<\/p>\n\n<figure class=\"is-provider-youtube is-type-video wp-block-embed wp-block-embed-youtube wp-embed-aspect-16-9 wp-has-aspect-ratio\"><div class=\"wp-block-embed__wrapper\">\n<iframe loading=\"lazy\" title=\"Les troubles alimentaires : les avanc\u00e9es m\u00e9dicales\" width=\"500\" height=\"281\" src=\"https:\/\/www.youtube.com\/embed\/U6KxIp2Zpk8?feature=oembed\" frameborder=\"0\" allow=\"accelerometer; autoplay; clipboard-write; encrypted-media; gyroscope; picture-in-picture; web-share\" referrerpolicy=\"strict-origin-when-cross-origin\" allowfullscreen><\/iframe>\n<\/div><\/figure>\n\n<p class=\"wp-block-paragraph\">L\u2019article <a href=\"https:\/\/www.legifrance.gouv.fr\/codes\/article_lc\/LEGIARTI000045169353\" target=\"_blank\" rel=\"noopener\">L.4161-5 du Code de la sant\u00e9 publique<\/a>, consult\u00e9 le <strong>2 septembre 2026<\/strong>, pr\u00e9voit les peines applicables \u00e0 l\u2019exercice ill\u00e9gal de la m\u00e9decine. Un article juridique g\u00e9n\u00e9ral ne permet pas de qualifier seul une situation concr\u00e8te. Lorsque votre questionnaire, vos comptes rendus ou vos recommandations contiennent des formulations li\u00e9es \u00e0 des pathologies, il faut les soumettre \u00e0 un avocat comp\u00e9tent en droit de la sant\u00e9 et de la consommation.<\/p>\n\n<p class=\"wp-block-paragraph\">Le <strong>code de d\u00e9ontologie<\/strong> d\u2019une f\u00e9d\u00e9ration, lorsqu\u2019il existe, peut imposer des r\u00e8gles internes suppl\u00e9mentaires. Il ne remplace ni le Code de la sant\u00e9 publique ni le Code de la consommation. Il faut donc v\u00e9rifier d\u2019abord le texte applicable, puis la r\u00e8gle professionnelle \u00e0 laquelle vous avez choisi d\u2019adh\u00e9rer.<\/p>\n\n<h2 class=\"wp-block-heading\"><span class=\"ez-toc-section\" id=\"Comment_verifier_les_allegations_autorisees_pour_les_complements_alimentaires\"><\/span>Comment v\u00e9rifier les all\u00e9gations autoris\u00e9es pour les compl\u00e9ments alimentaires ?<span class=\"ez-toc-section-end\"><\/span><\/h2>\n\n<p class=\"wp-block-paragraph\">Les compl\u00e9ments alimentaires rel\u00e8vent d\u2019un r\u00e9gime particulier. Leur communication ne peut pas \u00eatre improvis\u00e9e \u00e0 partir d\u2019un avis fournisseur, d\u2019une publication virale ou d\u2019un retour client. Le r\u00e8glement europ\u00e9en n\u00b0 1924\/2006 organise une liste positive d\u2019all\u00e9gations nutritionnelles et de sant\u00e9. Ce qui n\u2019est pas autoris\u00e9 dans ce cadre ne devient pas autoris\u00e9 parce qu\u2019un concurrent l\u2019affiche.<\/p>\n\n<p class=\"wp-block-paragraph\">Le <a href=\"https:\/\/ec.europa.eu\/food\/food-feed-portal\/screen\/home\" target=\"_blank\" rel=\"noopener\">registre europ\u00e9en des all\u00e9gations nutritionnelles et de sant\u00e9<\/a>, consult\u00e9 le <strong>2 septembre 2026<\/strong>, permet de rechercher un nutriment, une substance ou une all\u00e9gation. La v\u00e9rification doit \u00eatre faite avant publication, produit par produit. Une all\u00e9gation sur le magn\u00e9sium ne vaut pas automatiquement pour une plante ou pour un m\u00e9lange qui contient du magn\u00e9sium.<\/p>\n\n<h3 class=\"wp-block-heading\">Trois contr\u00f4les avant de publier une fiche ou un post<\/h3>\n\n<p class=\"wp-block-paragraph\">Le premier contr\u00f4le concerne l\u2019ingr\u00e9dient et sa quantit\u00e9. Une formulation autoris\u00e9e ne peut \u00eatre utilis\u00e9e que si le produit apporte effectivement la substance dans les conditions pr\u00e9vues. Pour les vitamines et min\u00e9raux, l\u2019annexe du r\u00e8glement n\u00b0 1924\/2006 pr\u00e9voit notamment les seuils applicables aux mentions \u00ab source de \u00bb et \u00ab riche en \u00bb. La dose journali\u00e8re recommand\u00e9e par l\u2019\u00e9tiquette doit \u00eatre retenue, pas seulement la quantit\u00e9 affich\u00e9e par g\u00e9lule.<\/p>\n\n<p class=\"wp-block-paragraph\">Le deuxi\u00e8me contr\u00f4le porte sur les mots. \u00ab La vitamine C contribue au fonctionnement normal du syst\u00e8me immunitaire \u00bb n\u2019autorise pas une adaptation comme \u00ab renforce vos d\u00e9fenses \u00bb ou \u00ab bloque les infections \u00bb. Le verbe \u00ab contribue \u00bb et le p\u00e9rim\u00e8tre exact de la phrase ont leur importance. Une reformulation plus vendeuse peut devenir une all\u00e9gation non autoris\u00e9e.<\/p>\n\n<p class=\"wp-block-paragraph\">Le troisi\u00e8me contr\u00f4le concerne l\u2019\u00e9tiquetage et les avertissements. L\u2019article 10 du r\u00e8glement n\u00b0 1924\/2006 impose des informations compl\u00e9mentaires lorsqu\u2019une all\u00e9gation de sant\u00e9 est utilis\u00e9e, notamment sur l\u2019importance d\u2019une alimentation vari\u00e9e et \u00e9quilibr\u00e9e et d\u2019un mode de vie sain. Le d\u00e9cret n\u00b0 2006-352 du 20 mars 2006 encadre aussi les mentions des compl\u00e9ments alimentaires en France.<\/p>\n\n<ul class=\"wp-block-list\"><li>Recherchez l\u2019ingr\u00e9dient pr\u00e9cis dans le registre europ\u00e9en avant de r\u00e9diger la publication.<\/li><li>Conservez une capture dat\u00e9e de la fiche du registre et de l\u2019\u00e9tiquette du produit concern\u00e9.<\/li><li>Reprenez la formulation autoris\u00e9e sans raccourci publicitaire ni promesse ajout\u00e9e.<\/li><li>V\u00e9rifiez que la quantit\u00e9 journali\u00e8re recommand\u00e9e correspond aux conditions pr\u00e9vues.<\/li><li>Retirez les commentaires clients qui attribuent au produit un effet de gu\u00e9rison ou de pr\u00e9vention.<\/li><\/ul>\n\n<p class=\"wp-block-paragraph\">Le relev\u00e9 publi\u00e9 par la DGCCRF en novembre <strong>2025<\/strong> sur les contr\u00f4les men\u00e9s en 2023 dans le secteur des compl\u00e9ments alimentaires fait \u00e9tat de <strong>270 \u00e9tablissements contr\u00f4l\u00e9s<\/strong>. Un tiers pr\u00e9sentait des anomalies, avec <strong>71 injonctions<\/strong>, <strong>25 proc\u00e8s-verbaux p\u00e9naux<\/strong> et <strong>5 proc\u00e8s-verbaux administratifs<\/strong>. La <a href=\"https:\/\/www.economie.gouv.fr\/dgccrf\" target=\"_blank\" rel=\"noopener\">DGCCRF<\/a>, consult\u00e9e le <strong>2 septembre 2026<\/strong>, rappelle que les all\u00e9gations non justifi\u00e9es et les pr\u00e9sentations th\u00e9rapeutiques font partie des \u00e9carts contr\u00f4l\u00e9s.<\/p>\n\n<p class=\"wp-block-paragraph\">Ce relev\u00e9 ne signifie pas qu\u2019un praticien ind\u00e9pendant est automatiquement vis\u00e9 d\u00e8s qu\u2019il recommande un produit. Il montre en revanche que la conformit\u00e9 de la publicit\u00e9 et de l\u2019\u00e9tiquetage fait l\u2019objet de contr\u00f4les effectifs. Une fiche produit copi\u00e9e sans v\u00e9rification peut vous exposer au m\u00eame d\u00e9faut de communication que la source dont elle provient.<\/p>\n\n<figure class=\"is-provider-youtube is-type-video wp-block-embed wp-block-embed-youtube wp-embed-aspect-16-9 wp-has-aspect-ratio\"><div class=\"wp-block-embed__wrapper\">\n<iframe loading=\"lazy\" title=\"Les alicaments : entre sant\u00e9 et marketing\" width=\"500\" height=\"281\" src=\"https:\/\/www.youtube.com\/embed\/bFr0FH0A4K8?feature=oembed\" frameborder=\"0\" allow=\"accelerometer; autoplay; clipboard-write; encrypted-media; gyroscope; picture-in-picture; web-share\" referrerpolicy=\"strict-origin-when-cross-origin\" allowfullscreen><\/iframe>\n<\/div><\/figure>\n\n<p class=\"wp-block-paragraph\">La publication commerciale doit enfin \u00eatre s\u00e9par\u00e9e de votre avis professionnel. Une phrase telle que \u00ab Produit vendu sur cette page \u00bb d\u00e9crit une op\u00e9ration. Elle ne justifie pas une promesse sur la sant\u00e9. La preuve \u00e0 conserver est donc documentaire : capture du registre, photo de l\u2019\u00e9tiquette, facture fournisseur, date de publication et version de la page.<\/p>\n\n<h2 class=\"wp-block-heading\"><span class=\"ez-toc-section\" id=\"Pourquoi_les_plantes_et_huiles_essentielles_demandent-elles_une_prudence_renforcee\"><\/span>Pourquoi les plantes et huiles essentielles demandent-elles une prudence renforc\u00e9e ?<span class=\"ez-toc-section-end\"><\/span><\/h2>\n\n<p class=\"wp-block-paragraph\">Les plantes et les huiles essentielles sont souvent pr\u00e9sent\u00e9es avec un vocabulaire historique, traditionnel ou \u00e9motionnel. Ce registre n\u2019\u00e9carte pas la r\u00e9glementation. Sur un site professionnel, une phrase qui associe une substance botanique \u00e0 la pr\u00e9vention, au traitement ou au soulagement d\u2019une maladie demeure une all\u00e9gation de sant\u00e9 susceptible d\u2019\u00eatre interdite.<\/p>\n\n<p class=\"wp-block-paragraph\">L\u2019arr\u00eat de la Cour de justice de l\u2019Union europ\u00e9enne du <strong>30 avril 2025<\/strong>, affaire C-386\/23, Novel Nutriology, a pr\u00e9cis\u00e9 le cadre des all\u00e9gations de sant\u00e9 portant sur les substances botaniques. La d\u00e9cision est disponible sur <a href=\"https:\/\/curia.europa.eu\/juris\/liste.jsf?num=C-386\/23\" target=\"_blank\" rel=\"noopener\">le site de la Cour de justice de l\u2019Union europ\u00e9enne<\/a>, consult\u00e9 le <strong>2 septembre 2026<\/strong>. La Cour a encadr\u00e9 l\u2019usage des all\u00e9gations en attente d\u2019\u00e9valuation et renvoie au r\u00e9gime transitoire pr\u00e9vu par le r\u00e8glement n\u00b0 1924\/2006.<\/p>\n\n<h3 class=\"wp-block-heading\">Une mention traditionnelle n\u2019est pas un passeport publicitaire<\/h3>\n\n<p class=\"wp-block-paragraph\">La formule \u00ab traditionnellement utilis\u00e9e pour \u00bb para\u00eet mod\u00e9r\u00e9e. Elle peut pourtant communiquer une propri\u00e9t\u00e9 de sant\u00e9 au lecteur. Si elle relie une plante \u00e0 un sympt\u00f4me, une maladie, une infection ou un \u00e9tat physiologique pr\u00e9cis, elle doit \u00eatre regard\u00e9e avec la m\u00eame prudence qu\u2019une promesse directe.<\/p>\n\n<p class=\"wp-block-paragraph\">Il faut distinguer l\u2019information neutre d\u2019un message incitatif. Nommer une plante dans la composition d\u2019un produit est une information factuelle. \u00c9crire qu\u2019elle \u00ab combat les virus \u00bb, \u00ab calme les insomnies \u00bb, \u00ab prot\u00e8ge le foie \u00bb ou \u00ab remplace un antid\u00e9presseur \u00bb attribue un effet de sant\u00e9 et ne doit pas \u00eatre publi\u00e9 sans base r\u00e9glementaire strictement v\u00e9rifi\u00e9e.<\/p>\n\n<p class=\"wp-block-paragraph\">Les huiles essentielles soul\u00e8vent un second probl\u00e8me. Elles peuvent relever de cadres diff\u00e9rents selon leur pr\u00e9sentation, leur destination, leur mode d\u2019emploi et leurs substances. Pr\u00e9senter une huile comme un moyen de pr\u00e9venir une infection ou de traiter une douleur peut conduire \u00e0 une requalification par pr\u00e9sentation au regard de l\u2019article L.5111-1 pr\u00e9cit\u00e9.<\/p>\n\n<p class=\"wp-block-paragraph\">Les fiches transmises par une marque ne sont pas une garantie suffisante. Un fournisseur peut employer des formulations discutables, utiliser une documentation con\u00e7ue pour un autre march\u00e9 ou modifier son catalogue sans vous avertir. Votre site, votre brochure et votre compte social restent vos supports. La <strong>responsabilit\u00e9 professionnelle<\/strong> de l\u2019\u00e9diteur porte donc aussi sur le contenu repris.<\/p>\n\n<p class=\"wp-block-paragraph\">Un praticien qui vend un produit doit maintenir un dossier de conformit\u00e9 simple mais complet. Il peut contenir la facture d\u2019achat, la fiche technique, l\u2019\u00e9tiquette photographi\u00e9e, le lien vers la page fournisseur consult\u00e9e \u00e0 une date donn\u00e9e, les captures de ses propres publications et l\u2019historique des modifications. Cette m\u00e9thode ne rend pas un message licite, mais elle permet de d\u00e9montrer ce qui a \u00e9t\u00e9 v\u00e9rifi\u00e9.<\/p>\n\n<p class=\"wp-block-paragraph\">Le point de vigilance est particuli\u00e8rement fort pour les appareils. Une machine vendue avec des mots comme \u00ab th\u00e9rapeutique \u00bb, \u00ab m\u00e9dical \u00bb, \u00ab anti-douleur \u00bb ou \u00ab traitement \u00bb doit \u00eatre examin\u00e9e avant toute mise en avant. La pr\u00e9sence d\u2019un marquage, d\u2019une notice ou d\u2019un argumentaire commercial ne vous autorise pas \u00e0 lui attribuer des usages qui ne figurent pas dans sa destination r\u00e9glementaire.<\/p>\n\n<p class=\"wp-block-paragraph\">Le dossier de conformit\u00e9 doit \u00eatre actualis\u00e9 lorsqu\u2019un produit change d\u2019\u00e9tiquette, de formule ou de pr\u00e9sentation. Une archive datant de 2023 ne justifie pas un message repris en 2026. Dans ce domaine, <strong>la date de v\u00e9rification fait partie de l\u2019information<\/strong>.<\/p>\n\n<h2 class=\"wp-block-heading\"><span class=\"ez-toc-section\" id=\"Comment_declarer_un_lien_affilie_sans_creer_de_publicite_mensongere\"><\/span>Comment d\u00e9clarer un lien affili\u00e9 sans cr\u00e9er de publicit\u00e9 mensong\u00e8re ?<span class=\"ez-toc-section-end\"><\/span><\/h2>\n\n<p class=\"wp-block-paragraph\">Une recommandation r\u00e9mun\u00e9r\u00e9e n\u2019est pas une recommandation d\u00e9sint\u00e9ress\u00e9e. D\u00e8s lors qu\u2019un lien, un code promotionnel, un parrainage, une remise en nature ou une commission vous procure un avantage, le contenu entre dans une logique commerciale. Le lecteur doit le comprendre avant de cliquer, pas apr\u00e8s avoir achet\u00e9.<\/p>\n\n<p class=\"wp-block-paragraph\">La loi n\u00b0 2023-451 du 9 juin 2023 visant \u00e0 encadrer l\u2019influence commerciale, modifi\u00e9e notamment par l\u2019ordonnance n\u00b0 2024-978 du 6 novembre 2024, est accessible sur <a href=\"https:\/\/www.legifrance.gouv.fr\/loda\/id\/JORFTEXT000047663185\" target=\"_blank\" rel=\"noopener\">L\u00e9gifrance<\/a>, texte consult\u00e9 le <strong>2 septembre 2026<\/strong>. Elle impose une identification claire de l\u2019intention commerciale dans les contenus concern\u00e9s, adapt\u00e9e au format de diffusion.<\/p>\n\n<h3 class=\"wp-block-heading\">La transparence doit \u00eatre visible avant la d\u00e9cision du lecteur<\/h3>\n\n<p class=\"wp-block-paragraph\">Sur une page de site, la mention peut figurer juste avant le lien : \u00ab Publicit\u00e9 \u2013 lien affili\u00e9 vers la marque X. Une commission peut \u00eatre per\u00e7ue en cas d\u2019achat. \u00bb Sur un r\u00e9seau social, la mention doit appara\u00eetre dans le contenu lui-m\u00eame et rester lisible pendant la dur\u00e9e utile d\u2019une story. La dissimuler parmi des hashtags ou \u00e0 la fin d\u2019un texte long ne r\u00e9pond pas \u00e0 l\u2019objectif de transparence.<\/p>\n\n<p class=\"wp-block-paragraph\">Lorsqu\u2019un produit est conseill\u00e9 dans le cadre d\u2019un rendez-vous et qu\u2019une commission est per\u00e7ue, l\u2019information doit \u00eatre donn\u00e9e au client avant qu\u2019il d\u00e9cide d\u2019acheter. Une phrase orale peut \u00eatre compl\u00e9t\u00e9e par une mention \u00e9crite sur la facture, la fiche produit ou les conditions de vente. Le point \u00e0 \u00e9viter est la confusion entre conseil et int\u00e9r\u00eat financier cach\u00e9.<\/p>\n\n<p class=\"wp-block-paragraph\">L\u2019article <a href=\"https:\/\/www.legifrance.gouv.fr\/codes\/article_lc\/LEGIARTI000045293314\" target=\"_blank\" rel=\"noopener\">L.121-3 du Code de la consommation<\/a>, consult\u00e9 le <strong>2 septembre 2026<\/strong>, d\u00e9finit les pratiques commerciales trompeuses par omission. Omettre une information substantielle ou rendre cette information ambigu\u00eb peut caract\u00e9riser une <strong>publicit\u00e9 mensong\u00e8re<\/strong> au sens courant. L\u2019expression juridique \u00e0 retenir est celle de pratique commerciale trompeuse.<\/p>\n\n<p class=\"wp-block-paragraph\">Les sanctions p\u00e9nales applicables aux pratiques commerciales trompeuses figurent \u00e0 l\u2019article <a href=\"https:\/\/www.legifrance.gouv.fr\/codes\/article_lc\/LEGIARTI000045293327\" target=\"_blank\" rel=\"noopener\">L.132-2 du Code de la consommation<\/a>, consult\u00e9 le <strong>2 septembre 2026<\/strong>. Le texte pr\u00e9voit notamment une peine de deux ans d\u2019emprisonnement et 300 000 euros d\u2019amende, avec des m\u00e9canismes d\u2019aggravation selon les circonstances pr\u00e9vues par la loi. Ce montant n\u2019est pas une estimation : il faut lire l\u2019article dans sa version en vigueur au jour de la v\u00e9rification.<\/p>\n\n<p class=\"wp-block-paragraph\">Les mentions sur les images retouch\u00e9es ou virtuelles constituent un autre point de contr\u00f4le. L\u2019article 5 de la loi du 9 juin 2023 pr\u00e9voit une information du public lorsque l\u2019apparence corporelle est modifi\u00e9e par proc\u00e9d\u00e9s de traitement d\u2019image ou lorsque l\u2019image est cr\u00e9\u00e9e par intelligence artificielle, dans les cas d\u00e9finis par le texte. Une illustration de produit ou un avant-apr\u00e8s artificiellement am\u00e9lior\u00e9 ne doit jamais \u00eatre utilis\u00e9 pour sugg\u00e9rer un r\u00e9sultat sur la sant\u00e9.<\/p>\n\n<p class=\"wp-block-paragraph\">Cette exigence de clart\u00e9 rejoint les r\u00e8gles de gestion d\u2019activit\u00e9. Les ventes de produits, commissions et revenus d\u2019affiliation doivent \u00eatre trac\u00e9s dans votre comptabilit\u00e9 et d\u00e9clar\u00e9s selon votre r\u00e9gime. Le guide consacr\u00e9 au <a href=\"https:\/\/prosdelanature.fr\/blog\/auto-entrepreneur-naturopathe\/\">statut d\u2019auto-entrepreneur pour un praticien en naturopathie<\/a> permet de situer cette obligation dans le fonctionnement courant de l\u2019activit\u00e9.<\/p>\n\n<h2 class=\"wp-block-heading\"><span class=\"ez-toc-section\" id=\"Dans_quel_ordre_relire_un_site_de_praticien_avant_un_controle\"><\/span>Dans quel ordre relire un site de praticien avant un contr\u00f4le ?<span class=\"ez-toc-section-end\"><\/span><\/h2>\n\n<p class=\"wp-block-paragraph\">Une relecture utile commence par les pages les plus visibles, mais ne s\u2019y arr\u00eate pas. Le moteur de recherche interne, les articles anciens, les t\u00e9moignages, les pages de r\u00e9servation, les fichiers PDF et les l\u00e9gendes d\u2019images doivent entrer dans le p\u00e9rim\u00e8tre. Une promesse interdite dans une archive reste accessible et peut \u00eatre index\u00e9e.<\/p>\n\n<p class=\"wp-block-paragraph\">Le relev\u00e9 documentaire doit \u00eatre dat\u00e9. T\u00e9l\u00e9chargez ou imprimez la version de chaque page avant correction, notez son URL et sa date, puis conservez une copie de la version rectifi\u00e9e. Cette tra\u00e7abilit\u00e9 est plus solide qu\u2019une m\u00e9moire approximative en cas de demande de la DGCCRF, de r\u00e9clamation ou de diff\u00e9rend avec un partenaire commercial.<\/p>\n\n<h3 class=\"wp-block-heading\">Un contr\u00f4le en cinq passages, support par support<\/h3>\n\n<ol class=\"wp-block-list\"><li>Recherchez les noms de maladies, sympt\u00f4mes, verbes de soin, r\u00e9sultats garantis et promesses chiffr\u00e9es dans les textes publics.<\/li><li>Examinez ensuite les titres, descriptions de prestations, extraits Google et publications sociales programm\u00e9es.<\/li><li>V\u00e9rifiez s\u00e9par\u00e9ment chaque fiche de compl\u00e9ment alimentaire avec le registre europ\u00e9en et l\u2019\u00e9tiquette r\u00e9ellement vendue.<\/li><li>Ajoutez une information commerciale claire devant chaque lien affili\u00e9, code promotionnel ou partenariat r\u00e9mun\u00e9r\u00e9.<\/li><li>Archivez les pi\u00e8ces utilis\u00e9es et faites valider les points litigieux par un avocat avant remise en ligne.<\/li><\/ol>\n\n<p class=\"wp-block-paragraph\">Les mentions l\u00e9gales et les conditions g\u00e9n\u00e9rales de vente font partie du m\u00eame chantier. L\u2019article 6 III de la loi pour la confiance dans l\u2019\u00e9conomie num\u00e9rique impose des informations d\u2019identification pour les \u00e9diteurs de services de communication en ligne. Le texte est consultable sur <a href=\"https:\/\/www.legifrance.gouv.fr\/loda\/article_lc\/LEGIARTI000042038977\" target=\"_blank\" rel=\"noopener\">L\u00e9gifrance<\/a>, relev\u00e9 le <strong>2 septembre 2026<\/strong>.<\/p>\n\n<p class=\"wp-block-paragraph\">Les cookies et les formulaires de contact demandent une v\u00e9rification distincte. Un bandeau disant seulement \u00ab en poursuivant votre navigation, vous acceptez \u00bb ne recueille pas un consentement valable pour les traceurs non n\u00e9cessaires. La CNIL d\u00e9taille les r\u00e8gles applicables sur sa page <a href=\"https:\/\/www.cnil.fr\/fr\/cookies-et-autres-traceurs\/regles\/cookies\/que-dit-la-loi\" target=\"_blank\" rel=\"noopener\">cookies et autres traceurs<\/a>, consult\u00e9e le <strong>2 septembre 2026<\/strong>.<\/p>\n\n<p class=\"wp-block-paragraph\">La collecte de donn\u00e9es doit \u00e9galement \u00eatre proportionn\u00e9e. Si votre formulaire demande des informations sur des diagnostics, sympt\u00f4mes ou traitements, vous devez r\u00e9examiner la n\u00e9cessit\u00e9 de cette collecte, informer la personne et s\u00e9curiser les donn\u00e9es. Ce point-l\u00e0 ne se tranche pas par un mod\u00e8le trouv\u00e9 en ligne. Il se traite avec un juriste RGPD, en apportant le formulaire, la liste des outils utilis\u00e9s et les dur\u00e9es de conservation pr\u00e9vues.<\/p>\n\n<p class=\"wp-block-paragraph\">Les <strong>sanctions l\u00e9gales<\/strong> ne constituent pas la seule cons\u00e9quence d\u2019une communication imprudente. Une demande de retrait, une injonction, un signalement par une plateforme, une contestation client ou la rupture d\u2019un partenariat commercial peuvent d\u00e9j\u00e0 d\u00e9sorganiser une activit\u00e9. Une page relue avant publication co\u00fbte moins qu\u2019une correction men\u00e9e dans l\u2019urgence.<\/p>\n\n<p class=\"wp-block-paragraph\">Avant de modifier votre site, exportez vos pages, vos conditions commerciales et vos publications principales. Puis corrigez d\u2019abord les promesses de sant\u00e9, ensuite les liens r\u00e9mun\u00e9r\u00e9s, enfin les donn\u00e9es collect\u00e9es. Cette s\u00e9quence \u00e9vite de masquer le probl\u00e8me par une simple clause alors que le contenu public demeure non conforme.<\/p>\n\n<script type=\"application\/ld+json\">\n{\"@context\":\"https:\/\/schema.org\",\"@type\":\"FAQPage\",\"mainEntity\":[{\"@type\":\"Question\",\"name\":\"Peut-on publier le tu00e9moignage du2019un client qui affirme avoir u00e9tu00e9 guu00e9ri ?\",\"acceptedAnswer\":{\"@type\":\"Answer\",\"text\":\"Non, un tu00e9moignage relayu00e9 sur votre site ou vos ru00e9seaux devient un contenu que vous diffusez. Une phrase attribuant une guu00e9rison u00e0 une prestation ou u00e0 un produit doit u00eatre retiru00e9e, mu00eame si elle vient du2019un client.\"}},{\"@type\":\"Question\",\"name\":\"La mention u00ab ne remplace pas un avis mu00e9dical u00bb suffit-elle u00e0 su00e9curiser une page ?\",\"acceptedAnswer\":{\"@type\":\"Answer\",\"text\":\"Non. Cette mention peut clarifier le cadre de votre activitu00e9, mais elle ne neutralise pas une promesse de pru00e9vention, de traitement ou de guu00e9rison pru00e9sente ailleurs sur la page.\"}},{\"@type\":\"Question\",\"name\":\"Peut-on utiliser une allu00e9gation sur un complu00e9ment alimentaire trouvu00e9e sur le site du2019une marque ?\",\"acceptedAnswer\":{\"@type\":\"Answer\",\"text\":\"Seulement apru00e8s vu00e9rification dans le registre europu00e9en, contru00f4le de la quantitu00e9 ru00e9ellement apportu00e9e par le produit et reprise exacte de la formulation autorisu00e9e avec ses conditions du2019emploi.\"}},{\"@type\":\"Question\",\"name\":\"Un code promotionnel donnu00e9 pendant un rendez-vous doit-il u00eatre du00e9claru00e9 ?\",\"acceptedAnswer\":{\"@type\":\"Answer\",\"text\":\"Oui, lorsquu2019il vous procure une commission, un avantage ou une contrepartie. Le client doit connau00eetre cet intu00e9ru00eat commercial avant sa du00e9cision du2019achat.\"}}]}\n<\/script>\n<h3>Peut-on publier le t\u00e9moignage d\u2019un client qui affirme avoir \u00e9t\u00e9 gu\u00e9ri ?<\/h3>\n<p>Non, un t\u00e9moignage relay\u00e9 sur votre site ou vos r\u00e9seaux devient un contenu que vous diffusez. Une phrase attribuant une gu\u00e9rison \u00e0 une prestation ou \u00e0 un produit doit \u00eatre retir\u00e9e, m\u00eame si elle vient d\u2019un client.<\/p>\n<h3>La mention \u00ab ne remplace pas un avis m\u00e9dical \u00bb suffit-elle \u00e0 s\u00e9curiser une page ?<\/h3>\n<p>Non. Cette mention peut clarifier le cadre de votre activit\u00e9, mais elle ne neutralise pas une promesse de pr\u00e9vention, de traitement ou de gu\u00e9rison pr\u00e9sente ailleurs sur la page.<\/p>\n<h3>Peut-on utiliser une all\u00e9gation sur un compl\u00e9ment alimentaire trouv\u00e9e sur le site d\u2019une marque ?<\/h3>\n<p>Seulement apr\u00e8s v\u00e9rification dans le registre europ\u00e9en, contr\u00f4le de la quantit\u00e9 r\u00e9ellement apport\u00e9e par le produit et reprise exacte de la formulation autoris\u00e9e avec ses conditions d\u2019emploi.<\/p>\n<h3>Un code promotionnel donn\u00e9 pendant un rendez-vous doit-il \u00eatre d\u00e9clar\u00e9 ?<\/h3>\n<p>Oui, lorsqu\u2019il vous procure une commission, un avantage ou une contrepartie. Le client doit conna\u00eetre cet int\u00e9r\u00eat commercial avant sa d\u00e9cision d\u2019achat.<\/p>\n\n","protected":false},"excerpt":{"rendered":"<p>Un site de praticien ne peut pas attribuer \u00e0 une prestation, un produit ou une huile essentielle des effets de pr\u00e9vention, de traitement ou de gu\u00e9rison. Les all\u00e9gations sant\u00e9 engagent la responsabilit\u00e9 de l\u2019\u00e9diteur, y compris lorsqu\u2019elles figurent dans un t\u00e9moignage, une publication sociale ou un lien affili\u00e9. En bref Ce contr\u00f4le porte sur les [&hellip;]<\/p>\n","protected":false},"author":1,"featured_media":0,"comment_status":"open","ping_status":"closed","sticky":false,"template":"","format":"standard","meta":{"footnotes":""},"categories":[17],"tags":[],"class_list":["post-87","post","type-post","status-publish","format-standard","hentry","category-le-cadre-legal-du-praticien"],"_links":{"self":[{"href":"https:\/\/prosdelanature.fr\/blog\/wp-json\/wp\/v2\/posts\/87","targetHints":{"allow":["GET"]}}],"collection":[{"href":"https:\/\/prosdelanature.fr\/blog\/wp-json\/wp\/v2\/posts"}],"about":[{"href":"https:\/\/prosdelanature.fr\/blog\/wp-json\/wp\/v2\/types\/post"}],"author":[{"embeddable":true,"href":"https:\/\/prosdelanature.fr\/blog\/wp-json\/wp\/v2\/users\/1"}],"replies":[{"embeddable":true,"href":"https:\/\/prosdelanature.fr\/blog\/wp-json\/wp\/v2\/comments?post=87"}],"version-history":[{"count":0,"href":"https:\/\/prosdelanature.fr\/blog\/wp-json\/wp\/v2\/posts\/87\/revisions"}],"wp:attachment":[{"href":"https:\/\/prosdelanature.fr\/blog\/wp-json\/wp\/v2\/media?parent=87"}],"wp:term":[{"taxonomy":"category","embeddable":true,"href":"https:\/\/prosdelanature.fr\/blog\/wp-json\/wp\/v2\/categories?post=87"},{"taxonomy":"post_tag","embeddable":true,"href":"https:\/\/prosdelanature.fr\/blog\/wp-json\/wp\/v2\/tags?post=87"}],"curies":[{"name":"wp","href":"https:\/\/api.w.org\/{rel}","templated":true}]}}