{"id":88,"date":"2026-09-04T12:53:30","date_gmt":"2026-09-04T12:53:30","guid":{"rendered":"https:\/\/prosdelanature.fr\/blog\/titres-proteges-therapeute\/"},"modified":"2026-09-04T12:53:30","modified_gmt":"2026-09-04T12:53:30","slug":"titres-proteges-therapeute","status":"publish","type":"post","link":"https:\/\/prosdelanature.fr\/blog\/titres-proteges-therapeute\/","title":{"rendered":"Se dire th\u00e9rapeute : les titres prot\u00e9g\u00e9s et tous les autres"},"content":{"rendered":"<p class=\"wp-block-paragraph\">Le mot <strong>\u00ab th\u00e9rapeute \u00bb n\u2019est pas un titre prot\u00e9g\u00e9<\/strong> par un texte g\u00e9n\u00e9ral qui r\u00e9serverait son usage \u00e0 un dipl\u00f4me pr\u00e9cis. En revanche, \u00ab psychologue \u00bb, \u00ab psychoth\u00e9rapeute \u00bb, \u00ab m\u00e9decin \u00bb ou \u00ab masseur-kin\u00e9sith\u00e9rapeute \u00bb rel\u00e8vent de r\u00e8gles distinctes. Le risque juridique se situe moins dans le mot choisi que dans le titre revendiqu\u00e9, les actes propos\u00e9s et les formulations commerciales employ\u00e9es.<\/p>\n\n<ul class=\"wp-block-list\"><li><strong>\u00ab Th\u00e9rapeute \u00bb<\/strong>, \u00ab praticien \u00bb et \u00ab psychopraticien \u00bb ne correspondent pas, \u00e0 eux seuls, \u00e0 une profession r\u00e9glement\u00e9e.<\/li><li>Le titre de <strong>psychologue<\/strong> suppose un dipl\u00f4me figurant dans les textes qui encadrent son usage.<\/li><li>Le titre de <strong>psychoth\u00e9rapeute<\/strong> impose une inscription sur le registre national pr\u00e9vu par le Code de la sant\u00e9 publique.<\/li><li>Une certification, une formation agr\u00e9\u00e9e ou l\u2019adh\u00e9sion \u00e0 un code de d\u00e9ontologie ne cr\u00e9ent pas un titre l\u00e9galement r\u00e9serv\u00e9.<\/li><li>L\u2019exercice l\u00e9gal d\u00e9pend aussi de ce qui est \u00e9crit sur une plaque, une facture, un site et une publicit\u00e9.<\/li><\/ul>\n\n<p class=\"wp-block-paragraph\">Ce texte porte sur les appellations professionnelles, les titres prot\u00e9g\u00e9s et la communication d\u2019un praticien non m\u00e9decin. Il ne traite ni des m\u00e9thodes exerc\u00e9es, ni de leurs effets, ni du choix d\u2019une formation particuli\u00e8re.<\/p>\n\n<div id=\"ez-toc-container\" class=\"ez-toc-v2_0_87 counter-hierarchy ez-toc-counter ez-toc-grey ez-toc-container-direction\">\n<div class=\"ez-toc-title-container\">\n<p class=\"ez-toc-title\" style=\"cursor:inherit\">Sommaire<\/p>\n<span class=\"ez-toc-title-toggle\"><a href=\"#\" class=\"ez-toc-pull-right ez-toc-btn ez-toc-btn-xs ez-toc-btn-default ez-toc-toggle\" aria-label=\"Toggle Table of Content\"><span class=\"ez-toc-js-icon-con\"><span class=\"\"><span class=\"eztoc-hide\" style=\"display:none;\">Toggle<\/span><span class=\"ez-toc-icon-toggle-span\"><svg style=\"fill: #999;color:#999\" xmlns=\"http:\/\/www.w3.org\/2000\/svg\" class=\"list-377408\" width=\"20px\" height=\"20px\" viewBox=\"0 0 24 24\" fill=\"none\"><path d=\"M6 6H4v2h2V6zm14 0H8v2h12V6zM4 11h2v2H4v-2zm16 0H8v2h12v-2zM4 16h2v2H4v-2zm16 0H8v2h12v-2z\" fill=\"currentColor\"><\/path><\/svg><svg style=\"fill: #999;color:#999\" class=\"arrow-unsorted-368013\" xmlns=\"http:\/\/www.w3.org\/2000\/svg\" width=\"10px\" height=\"10px\" viewBox=\"0 0 24 24\" version=\"1.2\" baseProfile=\"tiny\"><path d=\"M18.2 9.3l-6.2-6.3-6.2 6.3c-.2.2-.3.4-.3.7s.1.5.3.7c.2.2.4.3.7.3h11c.3 0 .5-.1.7-.3.2-.2.3-.5.3-.7s-.1-.5-.3-.7zM5.8 14.7l6.2 6.3 6.2-6.3c.2-.2.3-.5.3-.7s-.1-.5-.3-.7c-.2-.2-.4-.3-.7-.3h-11c-.3 0-.5.1-.7.3-.2.2-.3.5-.3.7s.1.5.3.7z\"\/><\/svg><\/span><\/span><\/span><\/a><\/span><\/div>\n<nav><ul class='ez-toc-list ez-toc-list-level-1 eztoc-toggle-hide-by-default' ><li class='ez-toc-page-1 ez-toc-heading-level-2'><a class=\"ez-toc-link ez-toc-heading-1\" href=\"https:\/\/prosdelanature.fr\/blog\/titres-proteges-therapeute\/#Le_mot_%C2%AB_therapeute_%C2%BB_donne-t-il_un_droit_particulier_dexercer\" >Le mot \u00ab th\u00e9rapeute \u00bb donne-t-il un droit particulier d\u2019exercer ?<\/a><\/li><li class='ez-toc-page-1 ez-toc-heading-level-2'><a class=\"ez-toc-link ez-toc-heading-2\" href=\"https:\/\/prosdelanature.fr\/blog\/titres-proteges-therapeute\/#Quels_titres_proteges_distinguent_reellement_une_profession_reglementee\" >Quels titres prot\u00e9g\u00e9s distinguent r\u00e9ellement une profession r\u00e9glement\u00e9e ?<\/a><\/li><li class='ez-toc-page-1 ez-toc-heading-level-2'><a class=\"ez-toc-link ez-toc-heading-3\" href=\"https:\/\/prosdelanature.fr\/blog\/titres-proteges-therapeute\/#Une_certification_professionnelle_prouve-t-elle_quun_titre_est_autorise\" >Une certification professionnelle prouve-t-elle qu\u2019un titre est autoris\u00e9 ?<\/a><\/li><li class='ez-toc-page-1 ez-toc-heading-level-2'><a class=\"ez-toc-link ez-toc-heading-4\" href=\"https:\/\/prosdelanature.fr\/blog\/titres-proteges-therapeute\/#Comment_presenter_sa_pratique_professionnelle_sans_usurper_un_titre\" >Comment pr\u00e9senter sa pratique professionnelle sans usurper un titre ?<\/a><\/li><li class='ez-toc-page-1 ez-toc-heading-level-2'><a class=\"ez-toc-link ez-toc-heading-5\" href=\"https:\/\/prosdelanature.fr\/blog\/titres-proteges-therapeute\/#Dans_quel_ordre_verifier_son_titre_avant_de_creer_une_plaque_ou_un_site\" >Dans quel ordre v\u00e9rifier son titre avant de cr\u00e9er une plaque ou un site ?<\/a><\/li><\/ul><\/nav><\/div>\n<h2 class=\"wp-block-heading\"><span class=\"ez-toc-section\" id=\"Le_mot_%C2%AB_therapeute_%C2%BB_donne-t-il_un_droit_particulier_dexercer\"><\/span>Le mot \u00ab th\u00e9rapeute \u00bb donne-t-il un droit particulier d\u2019exercer ?<span class=\"ez-toc-section-end\"><\/span><\/h2>\n\n<p class=\"wp-block-paragraph\">Le mot <strong>\u00ab th\u00e9rapeute \u00bb ne constitue pas, en France, un titre professionnel prot\u00e9g\u00e9<\/strong> comparable \u00e0 celui de m\u00e9decin, psychologue ou psychoth\u00e9rapeute. Aucun dipl\u00f4me unique, aucune inscription automatique dans un registre public et aucune dur\u00e9e nationale de formation ne sont attach\u00e9s \u00e0 ce seul mot. Une personne peut donc se pr\u00e9senter comme \u00ab th\u00e9rapeute \u00bb dans un sens descriptif, sans pouvoir laisser croire qu\u2019elle d\u00e9tient une qualification r\u00e9glement\u00e9e qu\u2019elle ne poss\u00e8de pas.<\/p>\n\n<p class=\"wp-block-paragraph\">Cette libert\u00e9 de vocabulaire ne doit pas \u00eatre confondue avec une autorisation g\u00e9n\u00e9rale d\u2019exercer n\u2019importe quelle activit\u00e9. Le droit examine les actes, les promesses et les titres effectivement employ\u00e9s. L\u2019article <a href=\"https:\/\/www.legifrance.gouv.fr\/codes\/article_lc\/LEGIARTI000042193498\" rel=\"noopener\" target=\"_blank\">L.4161-1 du Code de la sant\u00e9 publique<\/a>, consult\u00e9 sur L\u00e9gifrance le <strong>24 mars 2026<\/strong>, vise notamment le fait de prendre part habituellement \u00e0 l\u2019\u00e9tablissement d\u2019un diagnostic ou au traitement de maladies sans disposer du dipl\u00f4me requis.<\/p>\n\n<p class=\"wp-block-paragraph\">Le texte ne transforme pas le mot \u00ab th\u00e9rapeute \u00bb en terme interdit. Il impose une fronti\u00e8re claire entre une activit\u00e9 non r\u00e9glement\u00e9e et des actes r\u00e9serv\u00e9s. Une plaque indiquant \u00ab th\u00e9rapeute \u00bb ne prot\u00e8ge donc personne contre une qualification abusive ou contre une pr\u00e9sentation assimilable \u00e0 un acte m\u00e9dical. Le nom commercial ne change pas la nature de ce qui est propos\u00e9.<\/p>\n\n<h3 class=\"wp-block-heading\">Pourquoi le vocabulaire commercial doit \u00eatre relu ligne par ligne<\/h3>\n\n<p class=\"wp-block-paragraph\">La difficult\u00e9 appara\u00eet souvent sur un site internet ou une fiche de prise de rendez-vous. Un praticien peut indiquer sa formation, le type de s\u00e9ance vendu, sa dur\u00e9e et son tarif. En revanche, il ne peut pas revendiquer un dipl\u00f4me reconnu s\u2019il ne peut pas produire le dipl\u00f4me concern\u00e9, ni employer le nom d\u2019une profession r\u00e9glement\u00e9e sans remplir les conditions l\u00e9gales.<\/p>\n\n<p class=\"wp-block-paragraph\">La Direction g\u00e9n\u00e9rale de la concurrence, de la consommation et de la r\u00e9pression des fraudes rappelle que les professionnels doivent d\u00e9livrer une information loyale et non trompeuse. Les pratiques commerciales trompeuses sont encadr\u00e9es par les articles <a href=\"https:\/\/www.legifrance.gouv.fr\/codes\/section_lc\/LEGITEXT000006069565\/LEGISCTA000032221174\/\" rel=\"noopener\" target=\"_blank\">L.121-2 \u00e0 L.121-5 du Code de la consommation<\/a>, consult\u00e9s le <strong>24 mars 2026<\/strong>. Une certification invent\u00e9e, une qualification pr\u00e9sent\u00e9e comme officielle sans base v\u00e9rifiable ou une promesse laissant entendre une comp\u00e9tence r\u00e9serv\u00e9e peuvent relever de ce cadre.<\/p>\n\n<p class=\"wp-block-paragraph\">La formule \u00ab certifi\u00e9 \u00bb m\u00e9rite donc une pr\u00e9cision imm\u00e9diate. Certifi\u00e9 par qui, \u00e0 quelle date, pour quel parcours, selon quelle \u00e9valuation ? Une attestation de pr\u00e9sence, un certificat interne d\u2019\u00e9cole et une certification professionnelle enregistr\u00e9e au R\u00e9pertoire sp\u00e9cifique ne produisent pas le m\u00eame effet. Les regrouper sous une m\u00eame expression revient \u00e0 effacer une information que le client devrait pouvoir v\u00e9rifier.<\/p>\n\n<figure class=\"wp-block-table\"><table>\n<thead>\n<tr>\n<th>Expression employ\u00e9e<\/th>\n<th>Statut juridique g\u00e9n\u00e9ral<\/th>\n<th>\u00c9l\u00e9ment \u00e0 pouvoir justifier<\/th>\n<\/tr>\n<\/thead>\n<tbody>\n<tr>\n<td>Th\u00e9rapeute<\/td>\n<td>Appellation non r\u00e9serv\u00e9e par un titre g\u00e9n\u00e9ral<\/td>\n<td>Formation r\u00e9ellement suivie et pr\u00e9sentation non trompeuse<\/td>\n<\/tr>\n<tr>\n<td>Praticien<\/td>\n<td>Appellation large, non \u00e9quivalente \u00e0 une profession de sant\u00e9<\/td>\n<td>Nature pr\u00e9cise de la prestation factur\u00e9e<\/td>\n<\/tr>\n<tr>\n<td>Psychologue<\/td>\n<td>Titre prot\u00e9g\u00e9<\/td>\n<td>Dipl\u00f4me pr\u00e9vu par les textes applicables<\/td>\n<\/tr>\n<tr>\n<td>Psychoth\u00e9rapeute<\/td>\n<td>Titre prot\u00e9g\u00e9 et soumis \u00e0 inscription<\/td>\n<td>Inscription au registre national des psychoth\u00e9rapeutes<\/td>\n<\/tr>\n<tr>\n<td>M\u00e9decin<\/td>\n<td>Profession r\u00e9glement\u00e9e<\/td>\n<td>Dipl\u00f4me, inscription et droit d\u2019exercice correspondants<\/td>\n<\/tr>\n<\/tbody>\n<\/table><\/figure>\n\n<p class=\"wp-block-paragraph\">La prudence ne consiste pas \u00e0 utiliser des phrases vagues. Elle consiste \u00e0 \u00eatre exact. Une pr\u00e9sentation comme \u00ab praticien form\u00e9 par l\u2019organisme X, certificat d\u00e9livr\u00e9 le 12 janvier 2026 \u00bb est contr\u00f4lable. Une pr\u00e9sentation comme \u00ab th\u00e9rapeute dipl\u00f4m\u00e9 d\u2019\u00c9tat \u00bb ne l\u2019est que si le dipl\u00f4me d\u2019\u00c9tat existe r\u00e9ellement pour l\u2019intitul\u00e9 affich\u00e9.<\/p>\n\n<h3 class=\"wp-block-heading\">Ce que la libert\u00e9 du mot ne garantit jamais<\/h3>\n\n<p class=\"wp-block-paragraph\">Employer cette appellation ne cr\u00e9e ni monopole, ni droit \u00e0 facturer des actes r\u00e9serv\u00e9s, ni garantie d\u2019assurance, ni reconnaissance administrative. Une responsabilit\u00e9 civile professionnelle peut d\u2019ailleurs comporter une exclusion visant les actes non reconnus par la m\u00e9decine conventionnelle. La lecture des conditions g\u00e9n\u00e9rales avant souscription compte davantage que la pr\u00e9sence du mot \u00ab th\u00e9rapeute \u00bb dans l\u2019intitul\u00e9 du contrat.<\/p>\n\n<p class=\"wp-block-paragraph\">Une f\u00e9d\u00e9ration peut aussi pr\u00e9voir un code de d\u00e9ontologie, des r\u00e8gles de confidentialit\u00e9 ou une proc\u00e9dure disciplinaire interne. Ces documents organisent la relation entre l\u2019adh\u00e9rent et l\u2019organisation. Ils ne remplacent pas un texte de loi, un dipl\u00f4me reconnu ou l\u2019inscription exig\u00e9e pour une profession r\u00e9glement\u00e9e.<\/p>\n\n<p class=\"wp-block-paragraph\">La formule la plus solide reste celle qui d\u00e9crit une activit\u00e9 sans amplifier un titre. C\u2019est particuli\u00e8rement utile avant d\u2019imprimer une plaque, de signer un bail professionnel ou de commander un site. Le co\u00fbt d\u2019une correction de communication est faible avant publication et beaucoup plus \u00e9lev\u00e9 lorsqu\u2019un support est d\u00e9j\u00e0 diffus\u00e9.<\/p>\n\n<h2 class=\"wp-block-heading\"><span class=\"ez-toc-section\" id=\"Quels_titres_proteges_distinguent_reellement_une_profession_reglementee\"><\/span>Quels titres prot\u00e9g\u00e9s distinguent r\u00e9ellement une profession r\u00e9glement\u00e9e ?<span class=\"ez-toc-section-end\"><\/span><\/h2>\n\n<p class=\"wp-block-paragraph\">Les titres prot\u00e9g\u00e9s reposent sur un texte identifiable. Ils ne d\u00e9coulent pas d\u2019une r\u00e9putation d\u2019\u00e9cole, d\u2019un logo, d\u2019une anciennet\u00e9 professionnelle ou d\u2019un avis publi\u00e9 en ligne. Pour le praticien qui pr\u00e9pare sa communication, la premi\u00e8re v\u00e9rification consiste donc \u00e0 chercher le texte qui r\u00e9serve le titre, puis \u00e0 r\u00e9unir les pi\u00e8ces qui permettent de l\u2019utiliser.<\/p>\n\n<p class=\"wp-block-paragraph\">Le titre de <strong>psychologue<\/strong> est prot\u00e9g\u00e9 par l\u2019article 44 de la loi n\u00b0 85-772 du 25 juillet 1985. Le texte est accessible sur <a href=\"https:\/\/www.legifrance.gouv.fr\/loda\/article_lc\/LEGIARTI000006419516\" rel=\"noopener\" target=\"_blank\">L\u00e9gifrance<\/a>, consultation du <strong>24 mars 2026<\/strong>. Il r\u00e9serve l\u2019usage professionnel du titre aux personnes titulaires des dipl\u00f4mes figurant sur la liste r\u00e9glementaire. Le d\u00e9cret n\u00b0 90-255 du 22 mars 1990 pr\u00e9cise cette liste de dipl\u00f4mes et titres.<\/p>\n\n<p class=\"wp-block-paragraph\">Le point pratique est simple. Une formation priv\u00e9e intitul\u00e9e \u00ab psychologie appliqu\u00e9e \u00bb, m\u00eame longue, ne permet pas automatiquement de se pr\u00e9senter comme psychologue. Le mot se rattache \u00e0 un cadre l\u00e9gal pr\u00e9cis. L\u2019organisme qui a d\u00e9livr\u00e9 le certificat ne peut pas \u00e9largir ce cadre par une attestation ou par une brochure commerciale.<\/p>\n\n<h3 class=\"wp-block-heading\">Le titre de psychoth\u00e9rapeute rel\u00e8ve d\u2019une proc\u00e9dure distincte<\/h3>\n\n<p class=\"wp-block-paragraph\">Le titre de <strong>psychoth\u00e9rapeute<\/strong> est encadr\u00e9 par l\u2019article 52 de la loi n\u00b0 2004-806 du 9 ao\u00fbt 2004, repris \u00e0 l\u2019article <a href=\"https:\/\/www.legifrance.gouv.fr\/codes\/article_lc\/LEGIARTI000020892784\" rel=\"noopener\" target=\"_blank\">L.6323-1 du Code de la sant\u00e9 publique<\/a>, consult\u00e9 le <strong>24 mars 2026<\/strong>. Son usage est r\u00e9serv\u00e9 aux professionnels inscrits au registre national des psychoth\u00e9rapeutes.<\/p>\n\n<p class=\"wp-block-paragraph\">Le d\u00e9cret n\u00b0 2010-534 du 20 mai 2010 fixe notamment les conditions de formation en psychopathologie clinique n\u00e9cessaires \u00e0 l\u2019inscription. Le texte est consultable sur <a href=\"https:\/\/www.legifrance.gouv.fr\/loda\/id\/JORFTEXT000022241729\/\" rel=\"noopener\" target=\"_blank\">L\u00e9gifrance<\/a>, relev\u00e9 du <strong>24 mars 2026<\/strong>. La r\u00e8gle ne se limite donc pas \u00e0 l\u2019existence d\u2019un dipl\u00f4me initial ou d\u2019une formation portant le mot \u00ab psychoth\u00e9rapie \u00bb dans son intitul\u00e9.<\/p>\n\n<p class=\"wp-block-paragraph\">Une mention comme \u00ab form\u00e9 \u00e0 la psychoth\u00e9rapie \u00bb ne doit pas devenir, par glissement, \u00ab psychoth\u00e9rapeute \u00bb. Les deux formulations n\u2019ont ni le m\u00eame sens ni la m\u00eame cons\u00e9quence. La seconde renvoie \u00e0 un titre r\u00e9serv\u00e9 et \u00e0 un registre public. La premi\u00e8re d\u00e9crit un parcours, qui reste \u00e0 d\u00e9tailler avec l\u2019\u00e9tablissement, la dur\u00e9e et le contenu suivi.<\/p>\n\n<figure class=\"is-provider-youtube is-type-video wp-block-embed wp-block-embed-youtube wp-embed-aspect-16-9 wp-has-aspect-ratio\"><div class=\"wp-block-embed__wrapper\">\n<iframe loading=\"lazy\" title=\"Fau-il tout dire \u00e0 son psy ?\" width=\"500\" height=\"281\" src=\"https:\/\/www.youtube.com\/embed\/bIIxYNBDptg?feature=oembed\" frameborder=\"0\" allow=\"accelerometer; autoplay; clipboard-write; encrypted-media; gyroscope; picture-in-picture; web-share\" referrerpolicy=\"strict-origin-when-cross-origin\" allowfullscreen><\/iframe>\n<\/div><\/figure>\n\n<h3 class=\"wp-block-heading\">Les autres professions de sant\u00e9 ne deviennent pas accessibles par voisinage de mots<\/h3>\n\n<p class=\"wp-block-paragraph\">Les titres de m\u00e9decin, chirurgien-dentiste, sage-femme, masseur-kin\u00e9sith\u00e9rapeute, infirmier ou pharmacien rel\u00e8vent \u00e9galement de professions r\u00e9glement\u00e9es. Le Code de la sant\u00e9 publique fixe leurs conditions de dipl\u00f4me, d\u2019exercice et, selon les professions, d\u2019inscription ordinale. Une activit\u00e9 ind\u00e9pendante non m\u00e9dicale ne peut pas se pr\u00e9senter comme proche d\u2019une de ces professions pour b\u00e9n\u00e9ficier de son apparence de l\u00e9gitimit\u00e9.<\/p>\n\n<p class=\"wp-block-paragraph\">Cette distinction compte aussi lorsque des supports mentionnent une sp\u00e9cialit\u00e9. L\u2019emploi d\u2019expressions m\u00e9dicales, d\u2019un vocabulaire de diagnostic ou de termes propres \u00e0 une prise en charge sanitaire peut faire basculer une communication descriptive vers une pr\u00e9sentation ambigu\u00eb. Le contr\u00f4le ne porte pas seulement sur le grand titre d\u2019une page. Il porte aussi sur les sous-titres, les t\u00e9moignages, les boutons de r\u00e9servation et les r\u00e9ponses envoy\u00e9es par courriel.<\/p>\n\n<p class=\"wp-block-paragraph\">Un dipl\u00f4me \u00e9tranger appelle la m\u00eame rigueur. Un titre obtenu hors de France peut avoir une valeur acad\u00e9mique r\u00e9elle sans ouvrir le droit d\u2019employer en France un titre prot\u00e9g\u00e9. La reconnaissance d\u00e9pend du pays d\u2019obtention, de la profession concern\u00e9e et des autorit\u00e9s comp\u00e9tentes. Les justificatifs \u00e0 r\u00e9unir comprennent le dipl\u00f4me, les relev\u00e9s de notes, le programme d\u00e9taill\u00e9, le volume de formation et les attestations de stage.<\/p>\n\n<p class=\"wp-block-paragraph\">Ce point-l\u00e0 ne se tranche pas avec le seul organisme de formation. Il se v\u00e9rifie aupr\u00e8s de l\u2019autorit\u00e9 comp\u00e9tente pour le titre concern\u00e9 et, lorsqu\u2019un projet d\u2019installation est engag\u00e9, avec un juriste ou un avocat en droit des professions r\u00e9glement\u00e9es. Il faut apporter les documents originaux, leur traduction si n\u00e9cessaire et le projet exact de pr\u00e9sentation professionnelle.<\/p>\n\n<p class=\"wp-block-paragraph\">Le titre prot\u00e9g\u00e9 fonctionne comme une cl\u00e9 juridique. Sans la cl\u00e9 pr\u00e9vue par le texte, il ne suffit pas d\u2019avoir une exp\u00e9rience voisine, une certification priv\u00e9e ou une formation agr\u00e9\u00e9e par un organisme interne pour ouvrir la porte.<\/p>\n\n<h2 class=\"wp-block-heading\"><span class=\"ez-toc-section\" id=\"Une_certification_professionnelle_prouve-t-elle_quun_titre_est_autorise\"><\/span>Une certification professionnelle prouve-t-elle qu\u2019un titre est autoris\u00e9 ?<span class=\"ez-toc-section-end\"><\/span><\/h2>\n\n<p class=\"wp-block-paragraph\">Une certification professionnelle et un titre prot\u00e9g\u00e9 r\u00e9pondent \u00e0 deux questions diff\u00e9rentes. La premi\u00e8re permet de v\u00e9rifier qu\u2019un r\u00e9f\u00e9rentiel de comp\u00e9tences a \u00e9t\u00e9 enregistr\u00e9 dans un r\u00e9pertoire national pour une dur\u00e9e d\u00e9termin\u00e9e. Le second indique qu\u2019un texte r\u00e9serve une appellation professionnelle \u00e0 des personnes qui remplissent des conditions l\u00e9gales. Confondre les deux est une erreur fr\u00e9quente sur les plaquettes de formation.<\/p>\n\n<p class=\"wp-block-paragraph\">France Comp\u00e9tences publie les fiches du R\u00e9pertoire national des certifications professionnelles, le RNCP, et du R\u00e9pertoire sp\u00e9cifique, le RS. La recherche s\u2019effectue sur <a href=\"https:\/\/www.francecompetences.fr\/recherche_certificationprofessionnelle\/\" rel=\"noopener\" target=\"_blank\">France Comp\u00e9tences<\/a>, consult\u00e9 le <strong>24 mars 2026<\/strong>. Une fiche active comporte notamment un num\u00e9ro, un certificateur, une date d\u2019enregistrement et une date d\u2019\u00e9ch\u00e9ance.<\/p>\n\n<p class=\"wp-block-paragraph\">Une inscription au RNCP ou au RS ne transforme pas automatiquement le titulaire d\u2019une certification en membre d\u2019une profession r\u00e9glement\u00e9e. Elle ne donne pas le droit d\u2019employer \u00ab psychologue \u00bb, \u00ab psychoth\u00e9rapeute \u00bb ou tout autre titre r\u00e9serv\u00e9. Elle ne vaut pas non plus dipl\u00f4me d\u2019\u00c9tat lorsque le texte qui encadre la profession exige sp\u00e9cifiquement ce dipl\u00f4me.<\/p>\n\n<h3 class=\"wp-block-heading\">Les quatre lignes \u00e0 contr\u00f4ler sur une fiche France Comp\u00e9tences<\/h3>\n\n<p class=\"wp-block-paragraph\">La v\u00e9rification doit se faire sur la fiche elle-m\u00eame, et non sur une capture d\u2019\u00e9cran transmise par une \u00e9cole. Les organismes affichent parfois une ancienne inscription, le nom d\u2019un certificateur partenaire ou une certification expir\u00e9e. Une date d\u2019\u00e9ch\u00e9ance d\u00e9pass\u00e9e change imm\u00e9diatement la port\u00e9e de l\u2019affirmation commerciale.<\/p>\n\n<ul class=\"wp-block-list\"><li>Le <strong>num\u00e9ro RNCP ou RS<\/strong> permet d\u2019identifier la fiche sans ambigu\u00eft\u00e9.<\/li><li>Le <strong>nom du certificateur<\/strong> indique l\u2019organisme juridiquement responsable de la certification.<\/li><li>La <strong>date d\u2019enregistrement<\/strong> situe la p\u00e9riode de validit\u00e9 administrative du r\u00e9f\u00e9rencement.<\/li><li>La <strong>date d\u2019\u00e9ch\u00e9ance<\/strong> doit \u00eatre v\u00e9rifi\u00e9e au moment de l\u2019inscription et avant toute communication.<\/li><li>Les voies d\u2019acc\u00e8s et les comp\u00e9tences vis\u00e9es pr\u00e9cisent ce que la fiche couvre r\u00e9ellement.<\/li><\/ul>\n\n<p class=\"wp-block-paragraph\">Une \u00e9cole peut pr\u00e9parer \u00e0 une certification d\u00e9tenue par un autre organisme. Cela n\u2019est pas interdit, mais le lecteur doit pouvoir identifier la situation. La formule exacte sera alors \u00ab formation pr\u00e9parant \u00e0 la certification RS n\u00b0 X, certificateur Y \u00bb, \u00e0 condition que l\u2019\u00e9cole soit bien habilit\u00e9e par ce certificateur et que la fiche soit active \u00e0 la date contr\u00f4l\u00e9e.<\/p>\n\n<p class=\"wp-block-paragraph\">Une formation agr\u00e9\u00e9e m\u00e9rite la m\u00eame pr\u00e9cision. Le mot \u00ab agr\u00e9\u00e9 \u00bb n\u2019a pas de port\u00e9e uniforme. Il peut d\u00e9signer une habilitation interne, une reconnaissance par une f\u00e9d\u00e9ration, une conformit\u00e9 Qualiopi ou une autorisation donn\u00e9e par un certificateur. Sans le nom de l\u2019organisme qui agr\u00e9e, la date et l\u2019objet de l\u2019agr\u00e9ment, la mention ne permet pas de v\u00e9rifier grand-chose.<\/p>\n\n<h3 class=\"wp-block-heading\">Qualiopi ne vaut ni titre prot\u00e9g\u00e9 ni dipl\u00f4me reconnu<\/h3>\n\n<p class=\"wp-block-paragraph\">La certification Qualiopi porte sur la qualit\u00e9 du processus mis en \u0153uvre par un prestataire de formation. Elle est encadr\u00e9e par le minist\u00e8re charg\u00e9 du Travail. Les informations officielles sont disponibles sur <a href=\"https:\/\/travail-emploi.gouv.fr\/formation-professionnelle\/qualite-des-actions-de-formation\/article\/qualiopi-la-certification-qualite-des-prestataires-d-actions-concourant-au\" rel=\"noopener\" target=\"_blank\">travail-emploi.gouv.fr<\/a>, consult\u00e9 le <strong>24 mars 2026<\/strong>.<\/p>\n\n<p class=\"wp-block-paragraph\">Qualiopi peut avoir une incidence sur l\u2019acc\u00e8s \u00e0 certains financements. Elle ne signifie pas que le programme conf\u00e8re un dipl\u00f4me reconnu par l\u2019\u00c9tat, ni qu\u2019il autorise le port d\u2019un titre prot\u00e9g\u00e9. Le contr\u00f4le qualit\u00e9 d\u2019un organisme et le droit individuel d\u2019utiliser une appellation sont deux sujets s\u00e9par\u00e9s.<\/p>\n\n<p class=\"wp-block-paragraph\">Le m\u00eame raisonnement vaut pour un code de d\u00e9ontologie. Une charte s\u00e9rieuse peut d\u00e9finir les engagements de ses adh\u00e9rents, une proc\u00e9dure de r\u00e9clamation et des limites de communication. Elle repr\u00e9sente un \u00e9l\u00e9ment utile dans l\u2019organisation d\u2019une pratique professionnelle. Elle ne modifie pas les r\u00e8gles pos\u00e9es par le Code de la sant\u00e9 publique ou par les textes prot\u00e9geant une profession.<\/p>\n\n<p class=\"wp-block-paragraph\">Avant de payer une formation, un tableau de contr\u00f4le \u00e9vite les formules impr\u00e9cises. Il faut conserver la fiche t\u00e9l\u00e9charg\u00e9e, noter la date de consultation et archiver le programme contractuel. Ces documents seront plus utiles qu\u2019un slogan lorsque viendra le moment de r\u00e9diger une plaque ou de r\u00e9pondre \u00e0 une demande de preuve.<\/p>\n\n<figure class=\"is-provider-youtube is-type-video wp-block-embed wp-block-embed-youtube wp-embed-aspect-16-9 wp-has-aspect-ratio\"><div class=\"wp-block-embed__wrapper\">\n<iframe loading=\"lazy\" title=\"Comment r\u00e9ussir quand on est TH\u00c9RAPEUTE ? (15 ans d\u2019exp\u00e9rience)\" width=\"500\" height=\"281\" src=\"https:\/\/www.youtube.com\/embed\/kCVkAsAMVnI?feature=oembed\" frameborder=\"0\" allow=\"accelerometer; autoplay; clipboard-write; encrypted-media; gyroscope; picture-in-picture; web-share\" referrerpolicy=\"strict-origin-when-cross-origin\" allowfullscreen><\/iframe>\n<\/div><\/figure>\n\n<p class=\"wp-block-paragraph\">Une certification apporte une information sur un parcours et sur un r\u00e9f\u00e9rentiel. Elle ne doit jamais \u00eatre utilis\u00e9e pour sugg\u00e9rer un droit que le texte ne lui attribue pas.<\/p>\n\n<h2 class=\"wp-block-heading\"><span class=\"ez-toc-section\" id=\"Comment_presenter_sa_pratique_professionnelle_sans_usurper_un_titre\"><\/span>Comment pr\u00e9senter sa pratique professionnelle sans usurper un titre ?<span class=\"ez-toc-section-end\"><\/span><\/h2>\n\n<p class=\"wp-block-paragraph\">La communication d\u2019un praticien non m\u00e9decin doit permettre au public de comprendre qui intervient, quelle prestation est vendue et quelle formation est r\u00e9ellement d\u00e9tenue. Elle ne doit pas cr\u00e9er une confusion avec une profession r\u00e9glement\u00e9e. Cette r\u00e8gle s\u2019applique \u00e0 la plaque, aux cartes de visite, aux r\u00e9seaux sociaux, aux annuaires, aux factures et aux publicit\u00e9s payantes.<\/p>\n\n<p class=\"wp-block-paragraph\">La premi\u00e8re \u00e9tape consiste \u00e0 s\u00e9parer trois \u00e9l\u00e9ments. L\u2019activit\u00e9 exerc\u00e9e vient en premier. Le parcours de formation vient ensuite. Le titre prot\u00e9g\u00e9, s\u2019il est l\u00e9galement d\u00e9tenu, peut \u00eatre mentionn\u00e9 avec pr\u00e9cision. Quand ces \u00e9l\u00e9ments sont m\u00e9lang\u00e9s, le client ne sait plus si une expression d\u00e9signe une marque, un certificat interne, une profession r\u00e9glement\u00e9e ou une simple description commerciale.<\/p>\n\n<h3 class=\"wp-block-heading\">Les formulations qui peuvent \u00eatre document\u00e9es<\/h3>\n\n<p class=\"wp-block-paragraph\">Un professionnel peut indiquer qu\u2019il exerce sous une appellation libre, \u00e0 condition de ne pas y ajouter de qualification non justifi\u00e9e. Il peut aussi mentionner un certificat d\u00e9livr\u00e9 par une \u00e9cole, d\u00e8s lors qu\u2019il donne le nom exact de l\u2019organisme et ne le pr\u00e9sente pas comme un dipl\u00f4me d\u2019\u00c9tat. La pr\u00e9cision prot\u00e8ge autant le client que le professionnel.<\/p>\n\n<p class=\"wp-block-paragraph\">La formule \u00ab titulaire du certificat X d\u00e9livr\u00e9 par Y le 15 septembre 2025 \u00bb est factuelle. La formule \u00ab dipl\u00f4m\u00e9 en th\u00e9rapie \u00bb est insuffisante si elle ne renvoie \u00e0 aucun dipl\u00f4me l\u00e9galement d\u00e9fini. La formule \u00ab psychoth\u00e9rapeute certifi\u00e9 \u00bb est \u00e0 \u00e9carter si l\u2019inscription au registre national n\u2019est pas \u00e9tablie, m\u00eame lorsqu\u2019une \u00e9cole a d\u00e9livr\u00e9 une certification portant un intitul\u00e9 voisin.<\/p>\n\n<p class=\"wp-block-paragraph\">Le mot \u00ab patient \u00bb ne constitue pas \u00e0 lui seul un d\u00e9lit, mais son emploi syst\u00e9matique peut renforcer une pr\u00e9sentation sanitaire, surtout lorsqu\u2019il est associ\u00e9 \u00e0 des termes de diagnostic, de pathologie, de traitement ou de gu\u00e9rison. Dans une activit\u00e9 non m\u00e9dicale, les termes \u00ab client \u00bb, \u00ab s\u00e9ance \u00bb, \u00ab prestation \u00bb et \u00ab rendez-vous \u00bb d\u00e9crivent plus clairement la relation contractuelle.<\/p>\n\n<p class=\"wp-block-paragraph\">La facturation doit suivre la m\u00eame logique. Une facture indique l\u2019identit\u00e9 de l\u2019entreprise, le num\u00e9ro SIREN ou SIRET selon le document, la date, la prestation et le prix. Elle ne doit pas donner \u00e0 une s\u00e9ance un intitul\u00e9 m\u00e9dical fictif. Pour les obligations de facturation applicables aux professionnels, la page de la <a href=\"https:\/\/www.economie.gouv.fr\/entreprises\/factures-mentions-obligatoires\" rel=\"noopener\" target=\"_blank\">DGCCRF<\/a>, consult\u00e9e le <strong>24 mars 2026<\/strong>, d\u00e9taille les mentions attendues.<\/p>\n\n<h3 class=\"wp-block-heading\">La responsabilit\u00e9 ne s\u2019arr\u00eate pas au site internet<\/h3>\n\n<p class=\"wp-block-paragraph\">Une fiche d\u2019\u00e9tablissement, une bio publi\u00e9e sur une plateforme ou une campagne publicitaire doit \u00eatre relue comme un contrat court. Chaque mot est public, copiable et archivable. Une ancienne qualification peut continuer \u00e0 appara\u00eetre dans les moteurs de recherche longtemps apr\u00e8s avoir \u00e9t\u00e9 retir\u00e9e d\u2019un site.<\/p>\n\n<p class=\"wp-block-paragraph\">Le contr\u00f4le doit notamment porter sur les expressions suivantes : titre affich\u00e9, dipl\u00f4me cit\u00e9, certification invoqu\u00e9e, \u00e9cole nomm\u00e9e, promesse commerciale, vocabulaire m\u00e9dical, avis clients et r\u00e9ponses aux commentaires. Un avis laiss\u00e9 par un client peut contenir une all\u00e9gation que le professionnel ne devrait pas reprendre ou mettre en avant. La mod\u00e9ration fait partie de la pratique professionnelle.<\/p>\n\n<p class=\"wp-block-paragraph\">Un code de d\u00e9ontologie peut fixer des r\u00e8gles internes plus strictes que le minimum l\u00e9gal. C\u2019est utile si le document est accessible, dat\u00e9 et assorti d\u2019une proc\u00e9dure identifiable. Il faut toutefois annoncer ce qu\u2019il est r\u00e9ellement : une r\u00e8gle associative ou professionnelle, non une habilitation publique \u00e0 exercer une profession r\u00e9glement\u00e9e.<\/p>\n\n<p class=\"wp-block-paragraph\">Le point sensible est la communication portant sur des troubles, des diagnostics ou des r\u00e9sultats annonc\u00e9s. L\u2019article L.4161-1 d\u00e9j\u00e0 cit\u00e9 impose de ne pas franchir le terrain de l\u2019\u00e9tablissement de diagnostic ou du traitement des maladies. Le Code de la consommation impose parall\u00e8lement de ne pas tromper le consommateur sur la nature, les qualit\u00e9s ou les r\u00e9sultats attendus d\u2019une prestation.<\/p>\n\n<p class=\"wp-block-paragraph\">Pour les pages d\u00e9j\u00e0 en ligne, une relecture avec un avocat en droit de la consommation ou en droit de la sant\u00e9 est justifi\u00e9e lorsqu\u2019un titre prot\u00e9g\u00e9 est \u00e9voqu\u00e9, lorsqu\u2019une activit\u00e9 est pr\u00e9sent\u00e9e \u00e0 proximit\u00e9 d\u2019un vocabulaire m\u00e9dical ou lorsqu\u2019un conflit est en cours. Il faut fournir les textes publi\u00e9s, les contrats de formation, les certificats d\u00e9tenus et les captures dat\u00e9es des pages concern\u00e9es.<\/p>\n\n<p class=\"wp-block-paragraph\">Une communication exacte ne r\u00e9duit pas la visibilit\u00e9. Elle \u00e9vite surtout que la visibilit\u00e9 repose sur un titre ou une promesse impossible \u00e0 d\u00e9fendre.<\/p>\n\n<h2 class=\"wp-block-heading\"><span class=\"ez-toc-section\" id=\"Dans_quel_ordre_verifier_son_titre_avant_de_creer_une_plaque_ou_un_site\"><\/span>Dans quel ordre v\u00e9rifier son titre avant de cr\u00e9er une plaque ou un site ?<span class=\"ez-toc-section-end\"><\/span><\/h2>\n\n<p class=\"wp-block-paragraph\">Le bon ordre de travail commence par les documents, pas par le graphisme. Une plaque professionnelle, un nom de domaine et une fiche d\u2019annuaire diffusent une pr\u00e9sentation publique durable. Avant toute commande, il faut savoir si l\u2019appellation envisag\u00e9e est libre, prot\u00e9g\u00e9e ou susceptible de cr\u00e9er une confusion avec une profession r\u00e9glement\u00e9e.<\/p>\n\n<p class=\"wp-block-paragraph\">Le premier document \u00e0 ouvrir est le dipl\u00f4me ou le certificat d\u00e9tenu. Son intitul\u00e9 doit \u00eatre repris \u00e0 l\u2019identique. Si l\u2019\u00e9cole a ferm\u00e9, si la certification a expir\u00e9 ou si le certificateur a chang\u00e9, les pi\u00e8ces conserv\u00e9es prennent une importance particuli\u00e8re. Un CV r\u00e9dig\u00e9 plusieurs ann\u00e9es apr\u00e8s la formation ne remplace jamais le document d\u2019origine.<\/p>\n\n<h3 class=\"wp-block-heading\">Un contr\u00f4le documentaire en cinq \u00e9tapes<\/h3>\n\n<ol class=\"wp-block-list\"><li>Relever l\u2019intitul\u00e9 exact du dipl\u00f4me, du certificat ou de l\u2019attestation d\u00e9tenue.<\/li><li>V\u00e9rifier si l\u2019appellation souhait\u00e9e correspond \u00e0 un titre prot\u00e9g\u00e9 par un texte officiel.<\/li><li>Consulter France Comp\u00e9tences si une certification RNCP ou RS est annonc\u00e9e.<\/li><li>Comparer les mentions de la plaque, du site et des factures avec les documents v\u00e9rifi\u00e9s.<\/li><li>Faire relire les cas douteux par un avocat ou un juriste comp\u00e9tent.<\/li><\/ol>\n\n<p class=\"wp-block-paragraph\">Ce travail est particuli\u00e8rement n\u00e9cessaire lorsqu\u2019une \u00e9cole emploie des mots comme \u00ab professionnalisation \u00bb, \u00ab certification \u00bb, \u00ab formation agr\u00e9\u00e9e \u00bb ou \u00ab cursus reconnu \u00bb. Ces expressions peuvent \u00eatre exactes dans un contexte pr\u00e9cis et trompeuses dans un autre. Le document \u00e0 rechercher n\u2019est pas la promesse publicitaire. C\u2019est le texte, la fiche officielle ou le certificat nominatif qui permet de v\u00e9rifier la promesse.<\/p>\n\n<p class=\"wp-block-paragraph\">Un dipl\u00f4me reconnu doit \u00eatre identifi\u00e9 par sa nature. Il peut s\u2019agir d\u2019un dipl\u00f4me d\u2019\u00c9tat, d\u2019un dipl\u00f4me universitaire, d\u2019un titre enregistr\u00e9 au RNCP, d\u2019une certification du R\u00e9pertoire sp\u00e9cifique ou d\u2019un certificat priv\u00e9. Ces cat\u00e9gories ne sont pas interchangeables. Une communication professionnelle s\u00e9rieuse les nomme sans les fusionner.<\/p>\n\n<h3 class=\"wp-block-heading\">Pourquoi le statut juridique ne r\u00e9pare pas une appellation inexacte<\/h3>\n\n<p class=\"wp-block-paragraph\">Cr\u00e9er une micro-entreprise, une entreprise individuelle, une EURL ou une SASU permet de facturer une activit\u00e9 d\u00e9clar\u00e9e. Cela ne donne pas le droit d\u2019utiliser un titre r\u00e9serv\u00e9. Le num\u00e9ro SIREN, le code APE ou l\u2019immatriculation d\u2019une soci\u00e9t\u00e9 attestent d\u2019une existence administrative. Ils ne constituent pas une habilitation \u00e0 exercer une profession r\u00e9glement\u00e9e.<\/p>\n\n<p class=\"wp-block-paragraph\">Cette nuance est utile au moment de choisir l\u2019objet de l\u2019activit\u00e9. L\u2019objet d\u00e9clar\u00e9, le libell\u00e9 des prestations factur\u00e9es et la pr\u00e9sentation commerciale doivent rester coh\u00e9rents. Une activit\u00e9 d\u00e9clar\u00e9e sous une appellation libre ne doit pas \u00eatre promue ensuite comme une activit\u00e9 de psychologue ou de psychoth\u00e9rapeute lorsque les conditions ne sont pas remplies.<\/p>\n\n<p class=\"wp-block-paragraph\">La protection du patrimoine personnel de l\u2019entrepreneur individuel, modifi\u00e9e par la loi n\u00b0 2022-172 du 14 f\u00e9vrier 2022, ne change pas cette r\u00e8gle de vocabulaire. Les informations officielles sur le statut sont disponibles sur <a href=\"https:\/\/entreprendre.service-public.fr\/vosdroits\/F23844\" rel=\"noopener\" target=\"_blank\">Service-Public.fr<\/a>, consult\u00e9 le <strong>24 mars 2026<\/strong>. Un statut peut structurer une activit\u00e9, mais il ne r\u00e9gularise pas une qualification absente.<\/p>\n\n<p class=\"wp-block-paragraph\">La m\u00eame m\u00e9thode s\u2019applique \u00e0 l\u2019assurance. Une RC professionnelle ne valide pas automatiquement l\u2019intitul\u00e9 employ\u00e9 par l\u2019assur\u00e9. Il faut demander les conditions g\u00e9n\u00e9rales compl\u00e8tes, identifier les exclusions et v\u00e9rifier que la d\u00e9claration d\u2019activit\u00e9 correspond aux prestations r\u00e9ellement vendues. Une garantie souscrite sur une d\u00e9claration impr\u00e9cise peut devenir difficile \u00e0 mobiliser au moment o\u00f9 elle serait n\u00e9cessaire.<\/p>\n\n<p class=\"wp-block-paragraph\">Le dossier \u00e0 conserver r\u00e9unit donc les dipl\u00f4mes, certificats, fiches RNCP ou RS, \u00e9changes avec les organismes, conditions d\u2019assurance, captures de site et versions de plaquette. Cette archive n\u2019a rien d\u2019accessoire. Elle permet de d\u00e9montrer ce qui a \u00e9t\u00e9 communiqu\u00e9 et sur quelle base documentaire.<\/p>\n\n<p class=\"wp-block-paragraph\">Avant de faire fabriquer une plaque, relisez chaque ligne avec le dipl\u00f4me \u00e0 c\u00f4t\u00e9. Si un mot ne figure ni sur le document d\u00e9tenu ni dans le texte qui autorise son usage, il doit \u00eatre retir\u00e9 ou reformul\u00e9 avant impression.<\/p>\n\n<script type=\"application\/ld+json\">\n{\"@context\":\"https:\/\/schema.org\",\"@type\":\"FAQPage\",\"mainEntity\":[{\"@type\":\"Question\",\"name\":\"Le mot u00ab thu00e9rapeute u00bb est-il un titre protu00e9gu00e9 en France ?\",\"acceptedAnswer\":{\"@type\":\"Answer\",\"text\":\"Non. Le mot u00ab thu00e9rapeute u00bb ne correspond pas, u00e0 lui seul, u00e0 un titre professionnel lu00e9galement ru00e9servu00e9. Son usage ne permet pas de revendiquer une qualification ru00e9glementu00e9e, un diplu00f4me du2019u00c9tat ou le droit du2019exercer une profession de santu00e9.\"}},{\"@type\":\"Question\",\"name\":\"Peut-on utiliser le titre de psychologue apru00e8s une formation privu00e9e ?\",\"acceptedAnswer\":{\"@type\":\"Answer\",\"text\":\"Non, sauf si la personne du00e9tient lu2019un des diplu00f4mes pru00e9vus par les textes protu00e9geant le titre de psychologue. Une formation privu00e9e, mu00eame longue, ne suffit pas u00e0 elle seule.\"}},{\"@type\":\"Question\",\"name\":\"Quelle diffu00e9rence entre une certification RNCP et un titre protu00e9gu00e9 ?\",\"acceptedAnswer\":{\"@type\":\"Answer\",\"text\":\"Une certification RNCP atteste de lu2019enregistrement temporaire du2019un ru00e9fu00e9rentiel de compu00e9tences aupru00e8s de France Compu00e9tences. Un titre protu00e9gu00e9 est ru00e9servu00e9 par un texte lu00e9gal ou ru00e9glementaire. Une certification RNCP ne donne pas automatiquement accu00e8s u00e0 un titre protu00e9gu00e9.\"}},{\"@type\":\"Question\",\"name\":\"Qualiopi permet-elle de se pru00e9senter comme titulaire du2019un diplu00f4me reconnu ?\",\"acceptedAnswer\":{\"@type\":\"Answer\",\"text\":\"Non. Qualiopi certifie la qualitu00e9 des processus du2019un organisme de formation. Elle ne transforme pas une formation en diplu00f4me du2019u00c9tat et ne donne pas le droit du2019utiliser une appellation ru00e9servu00e9e.\"}},{\"@type\":\"Question\",\"name\":\"Qui consulter en cas de doute sur une plaque professionnelle ou un site ?\",\"acceptedAnswer\":{\"@type\":\"Answer\",\"text\":\"Un avocat ou un juriste compu00e9tent en droit des professions ru00e9glementu00e9es et en droit de la consommation peut vu00e9rifier lu2019emploi du2019un titre, les formulations commerciales et les documents de formation.\"}}]}\n<\/script>\n<h3>Le mot \u00ab th\u00e9rapeute \u00bb est-il un titre prot\u00e9g\u00e9 en France ?<\/h3>\n<p>Non. Le mot \u00ab th\u00e9rapeute \u00bb ne correspond pas, \u00e0 lui seul, \u00e0 un titre professionnel l\u00e9galement r\u00e9serv\u00e9. Son usage ne permet pas de revendiquer une qualification r\u00e9glement\u00e9e, un dipl\u00f4me d\u2019\u00c9tat ou le droit d\u2019exercer une profession de sant\u00e9.<\/p>\n<h3>Peut-on utiliser le titre de psychologue apr\u00e8s une formation priv\u00e9e ?<\/h3>\n<p>Non, sauf si la personne d\u00e9tient l\u2019un des dipl\u00f4mes pr\u00e9vus par les textes prot\u00e9geant le titre de psychologue. Une formation priv\u00e9e, m\u00eame longue, ne suffit pas \u00e0 elle seule.<\/p>\n<h3>Quelle diff\u00e9rence entre une certification RNCP et un titre prot\u00e9g\u00e9 ?<\/h3>\n<p>Une certification RNCP atteste de l\u2019enregistrement temporaire d\u2019un r\u00e9f\u00e9rentiel de comp\u00e9tences aupr\u00e8s de France Comp\u00e9tences. Un titre prot\u00e9g\u00e9 est r\u00e9serv\u00e9 par un texte l\u00e9gal ou r\u00e9glementaire. Une certification RNCP ne donne pas automatiquement acc\u00e8s \u00e0 un titre prot\u00e9g\u00e9.<\/p>\n<h3>Qualiopi permet-elle de se pr\u00e9senter comme titulaire d\u2019un dipl\u00f4me reconnu ?<\/h3>\n<p>Non. Qualiopi certifie la qualit\u00e9 des processus d\u2019un organisme de formation. Elle ne transforme pas une formation en dipl\u00f4me d\u2019\u00c9tat et ne donne pas le droit d\u2019utiliser une appellation r\u00e9serv\u00e9e.<\/p>\n<h3>Qui consulter en cas de doute sur une plaque professionnelle ou un site ?<\/h3>\n<p>Un avocat ou un juriste comp\u00e9tent en droit des professions r\u00e9glement\u00e9es et en droit de la consommation peut v\u00e9rifier l\u2019emploi d\u2019un titre, les formulations commerciales et les documents de formation.<\/p>\n\n","protected":false},"excerpt":{"rendered":"<p>Le mot \u00ab th\u00e9rapeute \u00bb n\u2019est pas un titre prot\u00e9g\u00e9 par un texte g\u00e9n\u00e9ral qui r\u00e9serverait son usage \u00e0 un dipl\u00f4me pr\u00e9cis. En revanche, \u00ab psychologue \u00bb, \u00ab psychoth\u00e9rapeute \u00bb, \u00ab m\u00e9decin \u00bb ou \u00ab masseur-kin\u00e9sith\u00e9rapeute \u00bb rel\u00e8vent de r\u00e8gles distinctes. Le risque juridique se situe moins dans le mot choisi que dans le titre [&hellip;]<\/p>\n","protected":false},"author":1,"featured_media":0,"comment_status":"open","ping_status":"closed","sticky":false,"template":"","format":"standard","meta":{"footnotes":""},"categories":[16],"tags":[],"class_list":["post-88","post","type-post","status-publish","format-standard","hentry","category-ecoles-titres-et-federations"],"_links":{"self":[{"href":"https:\/\/prosdelanature.fr\/blog\/wp-json\/wp\/v2\/posts\/88","targetHints":{"allow":["GET"]}}],"collection":[{"href":"https:\/\/prosdelanature.fr\/blog\/wp-json\/wp\/v2\/posts"}],"about":[{"href":"https:\/\/prosdelanature.fr\/blog\/wp-json\/wp\/v2\/types\/post"}],"author":[{"embeddable":true,"href":"https:\/\/prosdelanature.fr\/blog\/wp-json\/wp\/v2\/users\/1"}],"replies":[{"embeddable":true,"href":"https:\/\/prosdelanature.fr\/blog\/wp-json\/wp\/v2\/comments?post=88"}],"version-history":[{"count":0,"href":"https:\/\/prosdelanature.fr\/blog\/wp-json\/wp\/v2\/posts\/88\/revisions"}],"wp:attachment":[{"href":"https:\/\/prosdelanature.fr\/blog\/wp-json\/wp\/v2\/media?parent=88"}],"wp:term":[{"taxonomy":"category","embeddable":true,"href":"https:\/\/prosdelanature.fr\/blog\/wp-json\/wp\/v2\/categories?post=88"},{"taxonomy":"post_tag","embeddable":true,"href":"https:\/\/prosdelanature.fr\/blog\/wp-json\/wp\/v2\/tags?post=88"}],"curies":[{"name":"wp","href":"https:\/\/api.w.org\/{rel}","templated":true}]}}