{"id":91,"date":"2026-09-04T12:59:19","date_gmt":"2026-09-04T12:59:19","guid":{"rendered":"https:\/\/prosdelanature.fr\/blog\/fena-omnes-sfs-garanties\/"},"modified":"2026-09-04T12:59:19","modified_gmt":"2026-09-04T12:59:19","slug":"fena-omnes-sfs-garanties","status":"publish","type":"post","link":"https:\/\/prosdelanature.fr\/blog\/fena-omnes-sfs-garanties\/","title":{"rendered":"FENA, OMNES, SFS : ce que garantit vraiment une f\u00e9d\u00e9ration"},"content":{"rendered":"<p class=\"wp-block-paragraph\">Une F\u00e9d\u00e9ration ne transforme pas un m\u00e9tier non r\u00e9glement\u00e9 en profession r\u00e9glement\u00e9e. FENA, OMNES et SFS peuvent contr\u00f4ler l\u2019acc\u00e8s \u00e0 leur r\u00e9seau, imposer un code interne, proposer des services et repr\u00e9senter leurs adh\u00e9rents. Elles ne d\u00e9livrent ni dipl\u00f4me d\u2019\u00c9tat, ni autorisation d\u2019exercer, ni garantie automatique pour le public.<\/p>\n\n<ul class=\"wp-block-list\"><li><strong>La FENA<\/strong> organise principalement un cadre de formation et de certification interne autour de ses \u00e9coles et de son examen f\u00e9d\u00e9ral.<\/li><li><strong>OMNES<\/strong> r\u00e9unit des praticiens du m\u00e9tier de naturopathe et conditionne l\u2019usage de son label \u00e0 des crit\u00e8res d\u2019adh\u00e9sion publi\u00e9s par l\u2019organisation.<\/li><li><strong>La SFS<\/strong>, dans le champ du m\u00e9tier de sophrologue, constitue une association professionnelle dont la port\u00e9e d\u00e9pend de ses propres r\u00e8gles statutaires.<\/li><li>Une adh\u00e9sion atteste d\u2019abord d\u2019un lien actif avec une organisation, pas d\u2019une comp\u00e9tence contr\u00f4l\u00e9e par l\u2019administration fran\u00e7aise.<\/li><li>Le contr\u00f4le r\u00e9el se fait en lisant les statuts, le r\u00e8glement int\u00e9rieur, le code de d\u00e9ontologie, les conditions d\u2019exclusion et l\u2019annuaire des membres.<\/li><\/ul>\n\n<p class=\"wp-block-paragraph\">Ce texte s\u2019adresse aux praticiens ind\u00e9pendants qui envisagent une adh\u00e9sion ou souhaitent d\u00e9crire leur appartenance sur une plaque, un site ou une facture. Il ne porte ni sur les m\u00e9thodes pratiqu\u00e9es, ni sur leurs effets, ni sur l\u2019\u00e9valuation d\u2019une consultation.<\/p>\n\n<div id=\"ez-toc-container\" class=\"ez-toc-v2_0_87 counter-hierarchy ez-toc-counter ez-toc-grey ez-toc-container-direction\">\n<div class=\"ez-toc-title-container\">\n<p class=\"ez-toc-title\" style=\"cursor:inherit\">Sommaire<\/p>\n<span class=\"ez-toc-title-toggle\"><a href=\"#\" class=\"ez-toc-pull-right ez-toc-btn ez-toc-btn-xs ez-toc-btn-default ez-toc-toggle\" aria-label=\"Toggle Table of Content\"><span class=\"ez-toc-js-icon-con\"><span class=\"\"><span class=\"eztoc-hide\" style=\"display:none;\">Toggle<\/span><span class=\"ez-toc-icon-toggle-span\"><svg style=\"fill: #999;color:#999\" xmlns=\"http:\/\/www.w3.org\/2000\/svg\" class=\"list-377408\" width=\"20px\" height=\"20px\" viewBox=\"0 0 24 24\" fill=\"none\"><path d=\"M6 6H4v2h2V6zm14 0H8v2h12V6zM4 11h2v2H4v-2zm16 0H8v2h12v-2zM4 16h2v2H4v-2zm16 0H8v2h12v-2z\" fill=\"currentColor\"><\/path><\/svg><svg style=\"fill: #999;color:#999\" class=\"arrow-unsorted-368013\" xmlns=\"http:\/\/www.w3.org\/2000\/svg\" width=\"10px\" height=\"10px\" viewBox=\"0 0 24 24\" version=\"1.2\" baseProfile=\"tiny\"><path d=\"M18.2 9.3l-6.2-6.3-6.2 6.3c-.2.2-.3.4-.3.7s.1.5.3.7c.2.2.4.3.7.3h11c.3 0 .5-.1.7-.3.2-.2.3-.5.3-.7s-.1-.5-.3-.7zM5.8 14.7l6.2 6.3 6.2-6.3c.2-.2.3-.5.3-.7s-.1-.5-.3-.7c-.2-.2-.4-.3-.7-.3h-11c-.3 0-.5.1-.7.3-.2.2-.3.5-.3.7s.1.5.3.7z\"\/><\/svg><\/span><\/span><\/span><\/a><\/span><\/div>\n<nav><ul class='ez-toc-list ez-toc-list-level-1 eztoc-toggle-hide-by-default' ><li class='ez-toc-page-1 ez-toc-heading-level-2'><a class=\"ez-toc-link ez-toc-heading-1\" href=\"https:\/\/prosdelanature.fr\/blog\/fena-omnes-sfs-garanties\/#Quelles_garanties_une_Federation_apporte-t-elle_reellement_au_praticien_independant\" >Quelles garanties une F\u00e9d\u00e9ration apporte-t-elle r\u00e9ellement au praticien ind\u00e9pendant\u00a0?<\/a><\/li><li class='ez-toc-page-1 ez-toc-heading-level-2'><a class=\"ez-toc-link ez-toc-heading-2\" href=\"https:\/\/prosdelanature.fr\/blog\/fena-omnes-sfs-garanties\/#FENA_et_OMNES_comment_leurs_roles_se_completent-ils_dans_le_metier_de_naturopathe\" >FENA et OMNES\u00a0: comment leurs r\u00f4les se compl\u00e8tent-ils dans le m\u00e9tier de naturopathe\u00a0?<\/a><\/li><li class='ez-toc-page-1 ez-toc-heading-level-2'><a class=\"ez-toc-link ez-toc-heading-3\" href=\"https:\/\/prosdelanature.fr\/blog\/fena-omnes-sfs-garanties\/#Que_garantit_la_SFS_pour_un_praticien_du_metier_de_sophrologue\" >Que garantit la SFS pour un praticien du m\u00e9tier de sophrologue\u00a0?<\/a><\/li><li class='ez-toc-page-1 ez-toc-heading-level-2'><a class=\"ez-toc-link ez-toc-heading-4\" href=\"https:\/\/prosdelanature.fr\/blog\/fena-omnes-sfs-garanties\/#Quels_services_controles_et_recours_doivent_figurer_dans_une_adhesion_claire\" >Quels services, contr\u00f4les et recours doivent figurer dans une adh\u00e9sion claire\u00a0?<\/a><\/li><li class='ez-toc-page-1 ez-toc-heading-level-2'><a class=\"ez-toc-link ez-toc-heading-5\" href=\"https:\/\/prosdelanature.fr\/blog\/fena-omnes-sfs-garanties\/#Comment_verifier_une_Federation_avant_dafficher_son_logo_sur_un_site_professionnel\" >Comment v\u00e9rifier une F\u00e9d\u00e9ration avant d\u2019afficher son logo sur un site professionnel\u00a0?<\/a><\/li><\/ul><\/nav><\/div>\n<h2 class=\"wp-block-heading\"><span class=\"ez-toc-section\" id=\"Quelles_garanties_une_Federation_apporte-t-elle_reellement_au_praticien_independant\"><\/span>Quelles garanties une F\u00e9d\u00e9ration apporte-t-elle r\u00e9ellement au praticien ind\u00e9pendant\u00a0?<span class=\"ez-toc-section-end\"><\/span><\/h2>\n\n<p class=\"wp-block-paragraph\">Le mot \u00ab F\u00e9d\u00e9ration \u00bb produit souvent une impression d\u2019autorit\u00e9 publique. Juridiquement, cette impression doit \u00eatre corrig\u00e9e. Une F\u00e9d\u00e9ration ou une association professionnelle rel\u00e8ve habituellement du r\u00e9gime des associations pr\u00e9vu par la loi du 1er juillet 1901, dont le texte est consultable sur <a href=\"https:\/\/www.legifrance.gouv.fr\/loda\/id\/JORFTEXT000000497458\/\" target=\"_blank\" rel=\"noopener\">L\u00e9gifrance<\/a> le <strong>2 septembre 2026<\/strong>. Son pouvoir provient de ses statuts, de ses r\u00e8gles d\u2019admission et de l\u2019adh\u00e9sion volontaire de ses membres.<\/p>\n\n<p class=\"wp-block-paragraph\">Elle peut exiger un dossier, une attestation d\u2019assurance, un cursus identifi\u00e9, un examen interne ou un engagement d\u00e9ontologique. Elle peut aussi suspendre ou radier un adh\u00e9rent qui ne respecte plus ses r\u00e8gles. Cette discipline interne a une utilit\u00e9 concr\u00e8te pour le professionnel, car elle donne un cadre commun au r\u00e9seau. Elle ne vaut toutefois pas inscription \u00e0 un ordre professionnel.<\/p>\n\n<p class=\"wp-block-paragraph\">Une organisation professionnelle peut \u00e9galement proposer des services n\u00e9goci\u00e9s. Les plus fr\u00e9quents sont une assurance responsabilit\u00e9 civile professionnelle, une protection juridique, un annuaire, des formations continues, des mod\u00e8les de documents et une information sur les \u00e9volutions administratives. Ces services ont une valeur seulement si leurs conditions sont \u00e9crites, accessibles et adapt\u00e9es \u00e0 l\u2019activit\u00e9 d\u00e9clar\u00e9e.<\/p>\n\n<h3 class=\"wp-block-heading\">Ce que l\u2019adh\u00e9sion prouve et ce qu\u2019elle ne prouve pas<\/h3>\n\n<p class=\"wp-block-paragraph\">Une carte de membre, un logo ou une mention dans un annuaire prouvent g\u00e9n\u00e9ralement que l\u2019adh\u00e9rent a \u00e9t\u00e9 admis selon les crit\u00e8res de l\u2019organisme et qu\u2019il a r\u00e9gl\u00e9 sa cotisation pour une p\u00e9riode donn\u00e9e. Ils ne prouvent pas, \u00e0 eux seuls, la dur\u00e9e exacte de sa formation, son contenu, la r\u00e9ussite d\u2019un examen ext\u00e9rieur ou l\u2019\u00e9tendue de son assurance.<\/p>\n\n<p class=\"wp-block-paragraph\">La prudence est la m\u00eame pour les termes valorisants employ\u00e9s par les r\u00e9seaux. Un label d\u00e9pos\u00e9 est une marque priv\u00e9e. Il peut \u00eatre utile, car son propri\u00e9taire peut encadrer son usage. Il ne devient pas pour autant un titre professionnel prot\u00e9g\u00e9 par le Code de l\u2019\u00e9ducation ou le Code de la sant\u00e9 publique.<\/p>\n\n<p class=\"wp-block-paragraph\">La diff\u00e9rence compte lorsqu\u2019un praticien r\u00e9dige ses supports commerciaux. La formule \u00ab membre de l\u2019OMNES \u00bb est v\u00e9rifiable si l\u2019annuaire de l\u2019OMNES confirme l\u2019adh\u00e9sion. La formule \u00ab certifi\u00e9 par l\u2019\u00c9tat \u00bb ne peut pas \u00eatre utilis\u00e9e sans r\u00e9f\u00e9rence pr\u00e9cise \u00e0 une certification active enregistr\u00e9e aupr\u00e8s de France Comp\u00e9tences. Le dossier consacr\u00e9 aux <a href=\"https:\/\/prosdelanature.fr\/blog\/titres-proteges-therapeute\/\">titres prot\u00e9g\u00e9s et aux appellations libres<\/a> permet de distinguer ces deux situations.<\/p>\n\n<p class=\"wp-block-paragraph\">Le contr\u00f4le d\u2019une F\u00e9d\u00e9ration reste donc contractuel et associatif. Il engage le membre envers l\u2019organisation, et l\u2019organisation envers ses r\u00e8gles publi\u00e9es. <strong>Il ne remplace pas une r\u00e9glementation professionnelle d\u00e9cid\u00e9e par la loi.<\/strong><\/p>\n\n<h2 class=\"wp-block-heading\"><span class=\"ez-toc-section\" id=\"FENA_et_OMNES_comment_leurs_roles_se_completent-ils_dans_le_metier_de_naturopathe\"><\/span>FENA et OMNES\u00a0: comment leurs r\u00f4les se compl\u00e8tent-ils dans le m\u00e9tier de naturopathe\u00a0?<span class=\"ez-toc-section-end\"><\/span><\/h2>\n\n<p class=\"wp-block-paragraph\">La FENA et OMNES sont r\u00e9guli\u00e8rement cit\u00e9es ensemble, alors qu\u2019elles n\u2019interviennent pas au m\u00eame niveau. La <a href=\"https:\/\/lafena.fr\/\" target=\"_blank\" rel=\"noopener\">FENA<\/a> pr\u00e9sente son r\u00f4le autour de la f\u00e9d\u00e9ration d\u2019\u00e9coles, de la qualit\u00e9 des cursus et de la certification des dipl\u00f4m\u00e9s issus de son r\u00e9seau. Son site, consult\u00e9 le <strong>2 septembre 2026<\/strong>, indique une origine en <strong>1985<\/strong> et met en avant un tronc commun de formation ainsi qu\u2019un examen f\u00e9d\u00e9ral.<\/p>\n\n<p class=\"wp-block-paragraph\">OMNES se pr\u00e9sente comme une organisation professionnelle r\u00e9unissant des praticiens du m\u00e9tier de naturopathe. Sa pr\u00e9sentation publique, consult\u00e9e sur <a href=\"https:\/\/www.omnes.fr\/\" target=\"_blank\" rel=\"noopener\">omnes.fr<\/a> le <strong>2 septembre 2026<\/strong>, insiste sur la repr\u00e9sentation de la profession, sur ses crit\u00e8res d\u2019admission et sur un code d\u00e9ontologique. La relation entre les deux structures est donc lisible\u00a0: l\u2019une intervient en amont sur un parcours de formation affili\u00e9, l\u2019autre sur l\u2019exercice professionnel de membres admis.<\/p>\n\n<p class=\"wp-block-paragraph\">Cette compl\u00e9mentarit\u00e9 ne doit pas \u00eatre transform\u00e9e en raccourci. \u00catre dipl\u00f4m\u00e9 d\u2019une \u00e9cole li\u00e9e \u00e0 la FENA n\u2019\u00e9quivaut pas automatiquement \u00e0 une adh\u00e9sion active \u00e0 OMNES. L\u2019exercice d\u2019une activit\u00e9, l\u2019assurance, le respect des conditions administratives et l\u2019acceptation des r\u00e8gles de l\u2019association peuvent \u00eatre demand\u00e9s au moment de l\u2019entr\u00e9e. \u00c0 l\u2019inverse, une pr\u00e9sence dans un annuaire doit \u00eatre v\u00e9rifi\u00e9e \u00e0 la date o\u00f9 elle est invoqu\u00e9e.<\/p>\n\n<h3 class=\"wp-block-heading\">Le tronc commun et l\u2019examen f\u00e9d\u00e9ral sont des garanties internes<\/h3>\n\n<p class=\"wp-block-paragraph\">La FENA indique que ses \u00e9coles agr\u00e9\u00e9es suivent un socle commun annonc\u00e9 autour de <strong>1\u00a0200 heures<\/strong>, avec un examen f\u00e9d\u00e9ral pour les dipl\u00f4m\u00e9s concern\u00e9s. Cette donn\u00e9e a \u00e9t\u00e9 relev\u00e9e sur les pages institutionnelles de la FENA le <strong>2 septembre 2026<\/strong>. Elle d\u00e9crit une exigence de r\u00e9seau, et non une dur\u00e9e impos\u00e9e par une loi fran\u00e7aise \u00e0 toute personne exer\u00e7ant sous l\u2019appellation de naturopathe.<\/p>\n\n<p class=\"wp-block-paragraph\">La cons\u00e9quence est directe pour le praticien. La formule exacte est plus solide que la formule g\u00e9n\u00e9rale. Il peut indiquer qu\u2019il est dipl\u00f4m\u00e9 d\u2019une \u00e9cole agr\u00e9\u00e9e par la FENA, sous r\u00e9serve de pouvoir produire son dipl\u00f4me et de respecter la marque. Il ne doit pas laisser croire que tous les praticiens du m\u00e9tier de naturopathe doivent l\u00e9galement atteindre ce volume horaire.<\/p>\n\n<p class=\"wp-block-paragraph\">Le m\u00eame raisonnement s\u2019applique \u00e0 la d\u00e9claration de certification. Une F\u00e9d\u00e9ration peut attribuer un num\u00e9ro interne ou un identifiant dans son annuaire. Ce num\u00e9ro ne doit pas \u00eatre confondu avec une fiche RNCP ou RS. Les r\u00e9pertoires nationaux sont consultables sur <a href=\"https:\/\/www.francecompetences.fr\/recherche_certificationprofessionnelle\/\" target=\"_blank\" rel=\"noopener\">France Comp\u00e9tences<\/a> le <strong>2 septembre 2026<\/strong>, avec le certificateur, la date d\u2019enregistrement et la date d\u2019\u00e9ch\u00e9ance de chaque fiche.<\/p>\n\n<p class=\"wp-block-paragraph\">Les anciennes communications relatives au titre RNCP de \u00ab Conseiller en naturopathie \u00bb demandent une attention particuli\u00e8re. L\u2019expiration d\u2019un enregistrement en <strong>2023<\/strong> signifie qu\u2019une formation ne peut pas se pr\u00e9senter comme titulaire de cette fiche apr\u00e8s son \u00e9ch\u00e9ance. Une \u00e9cole, une F\u00e9d\u00e9ration ou un annuaire ne peuvent pas prolonger eux-m\u00eames la validit\u00e9 d\u2019un enregistrement national expir\u00e9.<\/p>\n\n<p class=\"wp-block-paragraph\"><strong>FENA et OMNES organisent une fili\u00e8re priv\u00e9e structur\u00e9e, mais elles ne cr\u00e9ent pas le cadre l\u00e9gal du m\u00e9tier.<\/strong><\/p>\n\n<figure class=\"is-provider-youtube is-type-video wp-block-embed wp-block-embed-youtube wp-embed-aspect-16-9 wp-has-aspect-ratio\"><div class=\"wp-block-embed__wrapper\">\n<iframe loading=\"lazy\" title=\"NanoXplore, la PME fran\u00e7aise des puces pour le spatial\" width=\"500\" height=\"281\" src=\"https:\/\/www.youtube.com\/embed\/5GorS3s0v_4?feature=oembed\" frameborder=\"0\" allow=\"accelerometer; autoplay; clipboard-write; encrypted-media; gyroscope; picture-in-picture; web-share\" referrerpolicy=\"strict-origin-when-cross-origin\" allowfullscreen><\/iframe>\n<\/div><\/figure>\n\n<h2 class=\"wp-block-heading\"><span class=\"ez-toc-section\" id=\"Que_garantit_la_SFS_pour_un_praticien_du_metier_de_sophrologue\"><\/span>Que garantit la SFS pour un praticien du m\u00e9tier de sophrologue\u00a0?<span class=\"ez-toc-section-end\"><\/span><\/h2>\n\n<p class=\"wp-block-paragraph\">La SFS, ou Soci\u00e9t\u00e9 Fran\u00e7aise de Sophrologie, doit \u00eatre analys\u00e9e selon la m\u00eame m\u00e9thode que toute autre association professionnelle. Le premier document \u00e0 demander est celui qui d\u00e9finit le statut de membre. Viennent ensuite le code de d\u00e9ontologie, la proc\u00e9dure disciplinaire, les crit\u00e8res d\u2019inscription \u00e0 l\u2019annuaire et les services inclus dans la cotisation.<\/p>\n\n<p class=\"wp-block-paragraph\">Une association peut r\u00e9unir plusieurs profils sous des cat\u00e9gories diff\u00e9rentes. Il peut exister des membres praticiens, des membres en formation, des membres bienfaiteurs ou des structures partenaires. Ces cat\u00e9gories ne portent pas toutes la m\u00eame signification. Une personne inscrite comme adh\u00e9rente ne dispose pas n\u00e9cessairement du droit d\u2019afficher une qualification particuli\u00e8re ou de figurer dans le r\u00e9pertoire professionnel.<\/p>\n\n<p class=\"wp-block-paragraph\">Le praticien doit donc chercher la phrase pr\u00e9cise. Le site de la SFS doit indiquer si l\u2019adh\u00e9sion implique une v\u00e9rification de dipl\u00f4me, un nombre minimal d\u2019heures, une activit\u00e9 d\u00e9clar\u00e9e ou une assurance. Si aucun crit\u00e8re n\u2019est publi\u00e9, l\u2019adh\u00e9sion renseigne seulement sur le paiement d\u2019une cotisation et l\u2019acceptation des statuts. Cette situation n\u2019interdit pas l\u2019adh\u00e9sion, mais elle limite ce qui peut \u00eatre annonc\u00e9 au public.<\/p>\n\n<h3 class=\"wp-block-heading\">Un code de d\u00e9ontologie est utile lorsqu\u2019il pr\u00e9voit une proc\u00e9dure<\/h3>\n\n<p class=\"wp-block-paragraph\">Un code de d\u00e9ontologie n\u2019a de port\u00e9e que si l\u2019association dispose d\u2019un m\u00e9canisme pour le faire respecter. Le lecteur doit rep\u00e9rer l\u2019existence d\u2019une commission, d\u2019un signalement, d\u2019une instruction contradictoire, d\u2019une sanction et d\u2019une possibilit\u00e9 de radiation. Un texte compos\u00e9 uniquement de principes g\u00e9n\u00e9raux offre un rep\u00e8re moral. Il ne d\u00e9montre pas un contr\u00f4le effectif.<\/p>\n\n<p class=\"wp-block-paragraph\">Les garanties affich\u00e9es gagnent aussi \u00e0 \u00eatre s\u00e9par\u00e9es. La confidentialit\u00e9 rel\u00e8ve d\u2019abord des engagements du professionnel et de ses obligations relatives aux donn\u00e9es. La m\u00e9diation rel\u00e8ve d\u2019un dispositif de r\u00e8glement des litiges. La responsabilit\u00e9 civile professionnelle rel\u00e8ve d\u2019un contrat d\u2019assurance. L\u2019adh\u00e9sion \u00e0 la SFS peut faciliter l\u2019acc\u00e8s \u00e0 ces dispositifs, mais elle ne les remplace pas.<\/p>\n\n<p class=\"wp-block-paragraph\">Le professionnel doit surtout \u00e9viter les formulations qui d\u00e9passent le p\u00e9rim\u00e8tre de son r\u00e9seau. L\u2019article L.4161-1 du Code de la sant\u00e9 publique, consult\u00e9 sur <a href=\"https:\/\/www.legifrance.gouv.fr\/codes\/article_lc\/LEGIARTI000043896719\" target=\"_blank\" rel=\"noopener\">L\u00e9gifrance<\/a> le <strong>2 septembre 2026<\/strong>, vise notamment la pratique habituelle d\u2019actes de diagnostic ou de traitement sans le dipl\u00f4me exig\u00e9. L\u2019adh\u00e9sion \u00e0 une association ne modifie pas ce texte.<\/p>\n\n<p class=\"wp-block-paragraph\">La communication commerciale appelle la m\u00eame retenue. Une mention d\u2019appartenance associative est possible lorsqu\u2019elle est exacte et actuelle. Elle ne doit pas servir \u00e0 soutenir des promesses relatives \u00e0 un \u00e9tat de sant\u00e9 ou \u00e0 l\u2019efficacit\u00e9 d\u2019une prestation. Les formulations \u00e0 \u00e9viter sont d\u00e9taill\u00e9es dans ce guide sur les <a href=\"https:\/\/prosdelanature.fr\/blog\/allegations-sante-interdites\/\">all\u00e9gations de sant\u00e9 interdites sur un site professionnel<\/a>.<\/p>\n\n<p class=\"wp-block-paragraph\">Le point juridique se traite avec un avocat ou un juriste lorsque la mention envisag\u00e9e est litigieuse, qu\u2019un avertissement a \u00e9t\u00e9 re\u00e7u ou qu\u2019un client conteste une publicit\u00e9. Les statuts d\u2019une association ne suffisent pas \u00e0 trancher un risque de contentieux.<\/p>\n\n<p class=\"wp-block-paragraph\"><strong>La SFS peut encadrer l\u2019usage de son nom et le comportement de ses membres, sans \u00e9largir les actes que la loi r\u00e9serve \u00e0 d\u2019autres professions.<\/strong><\/p>\n\n<p class=\"wp-block-paragraph\">Cette distinction entre adh\u00e9sion, assurance et droit d\u2019exercice pr\u00e9pare la v\u00e9rification des services r\u00e9ellement inclus dans une cotisation.<\/p>\n\n<figure class=\"is-provider-youtube is-type-video wp-block-embed wp-block-embed-youtube wp-embed-aspect-16-9 wp-has-aspect-ratio\"><div class=\"wp-block-embed__wrapper\">\n<iframe loading=\"lazy\" title=\"Et si on Appliquait le Programme du Rassemblement National ?\" width=\"500\" height=\"281\" src=\"https:\/\/www.youtube.com\/embed\/vtb-jGwGrd8?feature=oembed\" frameborder=\"0\" allow=\"accelerometer; autoplay; clipboard-write; encrypted-media; gyroscope; picture-in-picture; web-share\" referrerpolicy=\"strict-origin-when-cross-origin\" allowfullscreen><\/iframe>\n<\/div><\/figure>\n\n<h2 class=\"wp-block-heading\"><span class=\"ez-toc-section\" id=\"Quels_services_controles_et_recours_doivent_figurer_dans_une_adhesion_claire\"><\/span>Quels services, contr\u00f4les et recours doivent figurer dans une adh\u00e9sion claire\u00a0?<span class=\"ez-toc-section-end\"><\/span><\/h2>\n\n<p class=\"wp-block-paragraph\">Le montant annuel d\u2019une cotisation ne dit presque rien de sa valeur. Une adh\u00e9sion \u00e0 faible co\u00fbt peut offrir un annuaire utile et un code public. Une cotisation plus \u00e9lev\u00e9e peut inclure une d\u00e9fense juridique, des r\u00e9unions, une veille r\u00e9glementaire et des tarifs n\u00e9goci\u00e9s. Sans document contractuel ou descriptif accessible, la comparaison reste impossible.<\/p>\n\n<p class=\"wp-block-paragraph\">Il faut s\u00e9parer les services fournis directement par l\u2019organisme de ceux vendus par un partenaire. Une F\u00e9d\u00e9ration peut n\u00e9gocier une offre de responsabilit\u00e9 civile professionnelle aupr\u00e8s d\u2019un assureur. Dans ce cas, la garantie na\u00eet du contrat d\u2019assurance souscrit, de sa prime, de sa date d\u2019effet et de ses exclusions. Elle ne na\u00eet pas de la carte de membre.<\/p>\n\n<p class=\"wp-block-paragraph\">Les conditions g\u00e9n\u00e9rales doivent \u00eatre demand\u00e9es avant tout paiement. Il faut notamment rechercher les exclusions visant les activit\u00e9s non reconnues par la m\u00e9decine conventionnelle, les actes exerc\u00e9s en ligne, les activit\u00e9s non d\u00e9clar\u00e9es, les dommages immat\u00e9riels ou les litiges ant\u00e9rieurs. <strong>Un partenariat avec un assureur n\u2019est pas une assurance.<\/strong><\/p>\n\n<h3 class=\"wp-block-heading\">La comparaison doit partir des pi\u00e8ces et non des slogans<\/h3>\n\n<p class=\"wp-block-paragraph\">Le tableau suivant distingue les fonctions g\u00e9n\u00e9ralement revendiqu\u00e9es par les trois organismes. Il repose sur leurs pr\u00e9sentations institutionnelles accessibles en ligne et relev\u00e9es le <strong>2 septembre 2026<\/strong>. Lorsqu\u2019un \u00e9l\u00e9ment doit \u00eatre confirm\u00e9 dans les statuts ou aupr\u00e8s de l\u2019organisme, il est pr\u00e9sent\u00e9 comme une v\u00e9rification \u00e0 effectuer, non comme une garantie acquise.<\/p>\n\n<figure class=\"wp-block-table\"><table>\n<thead>\n<tr>\n<th>Organisme<\/th>\n<th>Nature affich\u00e9e<\/th>\n<th>Garantie v\u00e9rifiable<\/th>\n<th>Point \u00e0 contr\u00f4ler avant adh\u00e9sion<\/th>\n<\/tr>\n<\/thead>\n<tbody>\n<tr>\n<td>FENA<\/td>\n<td>F\u00e9d\u00e9ration li\u00e9e \u00e0 des \u00e9coles et \u00e0 des dipl\u00f4m\u00e9s<\/td>\n<td>R\u00e9f\u00e9rentiel interne, tronc commun et examen f\u00e9d\u00e9ral annonc\u00e9s<\/td>\n<td>\u00c9cole agr\u00e9\u00e9e, conditions d\u2019examen, validit\u00e9 du statut de certifi\u00e9<\/td>\n<\/tr>\n<tr>\n<td>OMNES<\/td>\n<td>Association professionnelle de praticiens<\/td>\n<td>Conditions d\u2019adh\u00e9sion, annuaire et r\u00e8gles d\u00e9ontologiques annonc\u00e9s<\/td>\n<td>Justificatifs exig\u00e9s, dur\u00e9e de l\u2019adh\u00e9sion, proc\u00e9dure disciplinaire<\/td>\n<\/tr>\n<tr>\n<td>SFS<\/td>\n<td>Association professionnelle du m\u00e9tier de sophrologue<\/td>\n<td>R\u00e9seau, r\u00e8gles statutaires et activit\u00e9s associatives selon ses documents<\/td>\n<td>Cat\u00e9gorie de membre, contr\u00f4le de formation, annuaire et recours<\/td>\n<\/tr>\n<\/tbody>\n<\/table><\/figure>\n\n<p class=\"wp-block-paragraph\">La repr\u00e9sentation constitue un autre service souvent mis en avant. Elle d\u00e9signe la participation \u00e0 des \u00e9changes avec des administrations, des instances de normalisation, des r\u00e9seaux interprofessionnels ou des organisations internationales. Elle peut permettre de porter une position collective. Elle ne donne pas \u00e0 l\u2019organisation le pouvoir de modifier seule la r\u00e9glementation fran\u00e7aise.<\/p>\n\n<p class=\"wp-block-paragraph\">La coordination entre organismes a \u00e9galement une port\u00e9e limit\u00e9e mais concr\u00e8te. Dans le champ du m\u00e9tier de naturopathe, plusieurs structures se sont regroup\u00e9es au sein du Collectif Naturopathie. Cette collaboration peut produire des documents communs, des positions partag\u00e9es et des travaux de normalisation. Le projet de norme AFNOR \u00e9voqu\u00e9 par les organisations participantes demeure distinct d\u2019une r\u00e9glementation l\u00e9gale tant qu\u2019aucun texte ne lui attribue cet effet.<\/p>\n\n<p class=\"wp-block-paragraph\">Une norme volontaire d\u00e9finit un r\u00e9f\u00e9rentiel. Elle peut servir de support \u00e0 la formation ou \u00e0 l\u2019organisation d\u2019un m\u00e9tier. Elle ne remplace ni le Code de la sant\u00e9 publique, ni le Code de la consommation, ni les obligations applicables \u00e0 une entreprise individuelle. <strong>La repr\u00e9sentation collective am\u00e9liore la visibilit\u00e9 d\u2019un secteur, sans conf\u00e9rer une autorisation administrative individuelle.<\/strong><\/p>\n\n<h2 class=\"wp-block-heading\"><span class=\"ez-toc-section\" id=\"Comment_verifier_une_Federation_avant_dafficher_son_logo_sur_un_site_professionnel\"><\/span>Comment v\u00e9rifier une F\u00e9d\u00e9ration avant d\u2019afficher son logo sur un site professionnel\u00a0?<span class=\"ez-toc-section-end\"><\/span><\/h2>\n\n<p class=\"wp-block-paragraph\">La v\u00e9rification commence par l\u2019identit\u00e9 exacte de l\u2019organisme. Le praticien rel\u00e8ve sa d\u00e9nomination, son adresse, son num\u00e9ro RNA lorsqu\u2019il est publi\u00e9, son objet statutaire et la date de mise \u00e0 jour de ses documents. Une F\u00e9d\u00e9ration s\u00e9rieuse n\u2019a aucun int\u00e9r\u00eat \u00e0 rendre ses r\u00e8gles d\u2019adh\u00e9sion introuvables. Les documents doivent pouvoir \u00eatre lus avant le r\u00e8glement de la cotisation.<\/p>\n\n<p class=\"wp-block-paragraph\">La deuxi\u00e8me \u00e9tape consiste \u00e0 v\u00e9rifier l\u2019admission. Une organisation qui annonce un niveau de formation doit pr\u00e9ciser le document accept\u00e9, l\u2019\u00e9cole ou la liste de cursus, la dur\u00e9e annonc\u00e9e, la place du pr\u00e9sentiel lorsqu\u2019elle en fait un crit\u00e8re et l\u2019existence \u00e9ventuelle d\u2019un examen. Un chiffre de <strong>600 heures<\/strong> ou de <strong>1\u00a0200 heures<\/strong> n\u2019a de sens que s\u2019il est rattach\u00e9 \u00e0 une r\u00e8gle \u00e9crite, relev\u00e9e \u00e0 une date pr\u00e9cise.<\/p>\n\n<p class=\"wp-block-paragraph\">La troisi\u00e8me \u00e9tape concerne la continuit\u00e9. Un annuaire public peut comporter des membres ayant cess\u00e9 leur activit\u00e9, chang\u00e9 de statut ou oubli\u00e9 de renouveler leur cotisation. Le professionnel qui affiche un logo doit conserver la preuve de son adh\u00e9sion en cours et supprimer la mention d\u00e8s la fin de celle-ci. Cette r\u00e8gle para\u00eet administrative, mais elle \u00e9vite une pr\u00e9sentation trompeuse.<\/p>\n\n<h3 class=\"wp-block-heading\">Une m\u00e9thode de contr\u00f4le en cinq documents<\/h3>\n\n<ol class=\"wp-block-list\"><li>Demandez les statuts et rep\u00e9rez l\u2019objet de l\u2019association, les cat\u00e9gories de membres et les modalit\u00e9s de radiation.<\/li><li>Lisez le code de d\u00e9ontologie, puis cherchez la proc\u00e9dure applicable en cas de plainte ou de non-respect du texte.<\/li><li>V\u00e9rifiez les conditions d\u2019admission, avec les justificatifs de formation, d\u2019activit\u00e9 et d\u2019assurance exig\u00e9s.<\/li><li>Demandez le d\u00e9tail \u00e9crit des services inclus, en s\u00e9parant l\u2019annuaire, la formation continue, la protection juridique et les offres partenaires.<\/li><li>Conservez le re\u00e7u de cotisation, la confirmation d\u2019adh\u00e9sion et l\u2019autorisation d\u2019utiliser le logo ou le label.<\/li><\/ol>\n\n<p class=\"wp-block-paragraph\">Cette m\u00e9thode \u00e9vite un probl\u00e8me fr\u00e9quent. Certains professionnels reprennent un visuel trouv\u00e9 sur le site d\u2019une \u00e9cole ou d\u2019une association, sans \u00eatre eux-m\u00eames membres actifs. Or une marque, un logo et un label peuvent \u00eatre prot\u00e9g\u00e9s. Leur usage d\u00e9pend des conditions fix\u00e9es par leur titulaire et peut cesser avec l\u2019adh\u00e9sion.<\/p>\n\n<p class=\"wp-block-paragraph\">La v\u00e9rification concerne aussi les annuaires propos\u00e9s par des plateformes commerciales. Un badge affich\u00e9 sur une plateforme peut signaler un partenariat, une d\u00e9claration ou une validation ponctuelle. Il ne dispense pas de contr\u00f4ler l\u2019annuaire officiel de l\u2019organisme. Le praticien ne doit pas reprendre l\u2019argument de la plateforme sans savoir qui effectue la v\u00e9rification et \u00e0 quelle fr\u00e9quence.<\/p>\n\n<p class=\"wp-block-paragraph\">Un cas pratique permet de fixer l\u2019ordre des preuves. Si un professionnel indique \u00ab membre OMNES \u00bb, il conserve son certificat d\u2019adh\u00e9sion annuel et v\u00e9rifie sa pr\u00e9sence dans l\u2019annuaire OMNES. S\u2019il indique \u00ab certifi\u00e9 FENA \u00bb, il conserve le document de certification et respecte les r\u00e8gles d\u2019usage de la marque. S\u2019il indique \u00ab membre de la SFS \u00bb, il garde la confirmation de sa cat\u00e9gorie d\u2019adh\u00e9sion et v\u00e9rifie ce que cette cat\u00e9gorie autorise r\u00e9ellement \u00e0 afficher.<\/p>\n\n<p class=\"wp-block-paragraph\">Pour un arbitrage entre plusieurs cotisations, un expert-comptable n\u2019est pas le bon interlocuteur sur les crit\u00e8res de formation, mais il peut traiter la d\u00e9ductibilit\u00e9 de la d\u00e9pense et son classement comptable. Un avocat ou un juriste est indiqu\u00e9 pour les droits d\u2019usage d\u2019une marque, une publicit\u00e9 contest\u00e9e ou une radiation susceptible d\u2019avoir des cons\u00e9quences professionnelles.<\/p>\n\n<p class=\"wp-block-paragraph\"><strong>Avant d\u2019utiliser le nom d\u2019une F\u00e9d\u00e9ration, la pi\u00e8ce d\u00e9terminante est celle qui prouve l\u2019adh\u00e9sion active et d\u00e9finit pr\u00e9cis\u00e9ment ce qu\u2019elle autorise \u00e0 d\u00e9clarer.<\/strong><\/p>\n\n<script type=\"application\/ld+json\">\n{\"@context\":\"https:\/\/schema.org\",\"@type\":\"FAQPage\",\"mainEntity\":[{\"@type\":\"Question\",\"name\":\"La FENA du00e9livre-t-elle un diplu00f4me du2019u00c9tat ?\",\"acceptedAnswer\":{\"@type\":\"Answer\",\"text\":\"Non. La FENA organise un dispositif privu00e9 de formation et de certification pour son ru00e9seau. Un diplu00f4me du2019u00c9tat ou une certification enregistru00e9e au RNCP ou au Ru00e9pertoire spu00e9cifique relu00e8ve du2019un cadre distinct, vu00e9rifiable sur France Compu00e9tences avec un numu00e9ro de fiche et une date du2019u00e9chu00e9ance.\"}},{\"@type\":\"Question\",\"name\":\"Lu2019adhu00e9sion u00e0 OMNES autorise-t-elle automatiquement u00e0 exercer ?\",\"acceptedAnswer\":{\"@type\":\"Answer\",\"text\":\"Non. OMNES peut fixer des conditions du2019admission et encadrer lu2019usage de son label, mais lu2019adhu00e9sion associative ne vaut pas autorisation administrative du2019exercer. Les obligations du00e9claratives, fiscales, assurantielles et les limites fixu00e9es par la loi restent applicables.\"}},{\"@type\":\"Question\",\"name\":\"La SFS vu00e9rifie-t-elle toutes les formations de ses membres ?\",\"acceptedAnswer\":{\"@type\":\"Answer\",\"text\":\"Cette ru00e9ponse du00e9pend des critu00e8res publiu00e9s par la SFS et de la catu00e9gorie du2019adhu00e9sion demandu00e9e. Il faut demander le ru00e8glement du2019admission, les justificatifs exigu00e9s et la procu00e9dure de contru00f4le avant de pru00e9senter lu2019adhu00e9sion comme une validation de formation.\"}},{\"@type\":\"Question\",\"name\":\"Une Fu00e9du00e9ration peut-elle garantir le remboursement des su00e9ances par une mutuelle ?\",\"acceptedAnswer\":{\"@type\":\"Answer\",\"text\":\"Non. Le remboursement u00e9ventuel du00e9pend du contrat souscrit par le client aupru00e8s de sa complu00e9mentaire et de ses conditions de prise en charge. Une affiliation peut parfois u00eatre demandu00e9e par certains organismes, mais elle ne cru00e9e pas u00e0 elle seule un droit au remboursement.\"}}]}\n<\/script>\n<h3>La FENA d\u00e9livre-t-elle un dipl\u00f4me d\u2019\u00c9tat ?<\/h3>\n<p>Non. La FENA organise un dispositif priv\u00e9 de formation et de certification pour son r\u00e9seau. Un dipl\u00f4me d\u2019\u00c9tat ou une certification enregistr\u00e9e au RNCP ou au R\u00e9pertoire sp\u00e9cifique rel\u00e8ve d\u2019un cadre distinct, v\u00e9rifiable sur France Comp\u00e9tences avec un num\u00e9ro de fiche et une date d\u2019\u00e9ch\u00e9ance.<\/p>\n<h3>L\u2019adh\u00e9sion \u00e0 OMNES autorise-t-elle automatiquement \u00e0 exercer ?<\/h3>\n<p>Non. OMNES peut fixer des conditions d\u2019admission et encadrer l\u2019usage de son label, mais l\u2019adh\u00e9sion associative ne vaut pas autorisation administrative d\u2019exercer. Les obligations d\u00e9claratives, fiscales, assurantielles et les limites fix\u00e9es par la loi restent applicables.<\/p>\n<h3>La SFS v\u00e9rifie-t-elle toutes les formations de ses membres ?<\/h3>\n<p>Cette r\u00e9ponse d\u00e9pend des crit\u00e8res publi\u00e9s par la SFS et de la cat\u00e9gorie d\u2019adh\u00e9sion demand\u00e9e. Il faut demander le r\u00e8glement d\u2019admission, les justificatifs exig\u00e9s et la proc\u00e9dure de contr\u00f4le avant de pr\u00e9senter l\u2019adh\u00e9sion comme une validation de formation.<\/p>\n<h3>Une F\u00e9d\u00e9ration peut-elle garantir le remboursement des s\u00e9ances par une mutuelle ?<\/h3>\n<p>Non. Le remboursement \u00e9ventuel d\u00e9pend du contrat souscrit par le client aupr\u00e8s de sa compl\u00e9mentaire et de ses conditions de prise en charge. Une affiliation peut parfois \u00eatre demand\u00e9e par certains organismes, mais elle ne cr\u00e9e pas \u00e0 elle seule un droit au remboursement.<\/p>\n\n","protected":false},"excerpt":{"rendered":"<p>Une F\u00e9d\u00e9ration ne transforme pas un m\u00e9tier non r\u00e9glement\u00e9 en profession r\u00e9glement\u00e9e. FENA, OMNES et SFS peuvent contr\u00f4ler l\u2019acc\u00e8s \u00e0 leur r\u00e9seau, imposer un code interne, proposer des services et repr\u00e9senter leurs adh\u00e9rents. Elles ne d\u00e9livrent ni dipl\u00f4me d\u2019\u00c9tat, ni autorisation d\u2019exercer, ni garantie automatique pour le public. Ce texte s\u2019adresse aux praticiens ind\u00e9pendants qui [&hellip;]<\/p>\n","protected":false},"author":1,"featured_media":0,"comment_status":"open","ping_status":"closed","sticky":false,"template":"","format":"standard","meta":{"footnotes":""},"categories":[16],"tags":[],"class_list":["post-91","post","type-post","status-publish","format-standard","hentry","category-ecoles-titres-et-federations"],"_links":{"self":[{"href":"https:\/\/prosdelanature.fr\/blog\/wp-json\/wp\/v2\/posts\/91","targetHints":{"allow":["GET"]}}],"collection":[{"href":"https:\/\/prosdelanature.fr\/blog\/wp-json\/wp\/v2\/posts"}],"about":[{"href":"https:\/\/prosdelanature.fr\/blog\/wp-json\/wp\/v2\/types\/post"}],"author":[{"embeddable":true,"href":"https:\/\/prosdelanature.fr\/blog\/wp-json\/wp\/v2\/users\/1"}],"replies":[{"embeddable":true,"href":"https:\/\/prosdelanature.fr\/blog\/wp-json\/wp\/v2\/comments?post=91"}],"version-history":[{"count":0,"href":"https:\/\/prosdelanature.fr\/blog\/wp-json\/wp\/v2\/posts\/91\/revisions"}],"wp:attachment":[{"href":"https:\/\/prosdelanature.fr\/blog\/wp-json\/wp\/v2\/media?parent=91"}],"wp:term":[{"taxonomy":"category","embeddable":true,"href":"https:\/\/prosdelanature.fr\/blog\/wp-json\/wp\/v2\/categories?post=91"},{"taxonomy":"post_tag","embeddable":true,"href":"https:\/\/prosdelanature.fr\/blog\/wp-json\/wp\/v2\/tags?post=91"}],"curies":[{"name":"wp","href":"https:\/\/api.w.org\/{rel}","templated":true}]}}