{"id":92,"date":"2026-09-04T13:01:21","date_gmt":"2026-09-04T13:01:21","guid":{"rendered":"https:\/\/prosdelanature.fr\/blog\/financer-formation-cpf-opco\/"},"modified":"2026-09-04T13:01:21","modified_gmt":"2026-09-04T13:01:21","slug":"financer-formation-cpf-opco","status":"publish","type":"post","link":"https:\/\/prosdelanature.fr\/blog\/financer-formation-cpf-opco\/","title":{"rendered":"Financer sa formation de praticien : CPF, OPCO, Transitions Pro"},"content":{"rendered":"<p class=\"wp-block-paragraph\">Le <strong>financement formation<\/strong> d\u2019un praticien non m\u00e9decin d\u00e9pend d\u2019abord du statut au moment de l\u2019inscription. Le <strong>CPF<\/strong> exige une formation r\u00e9ellement \u00e9ligible, l\u2019<strong>OPCO<\/strong> passe par l\u2019employeur, et <strong>Transitions Pro<\/strong> vise une reconversion salari\u00e9e structur\u00e9e. Qualiopi facilite l\u2019acc\u00e8s aux fonds, mais ne rend pas un cursus automatiquement finan\u00e7able.<\/p>\n\n<ul class=\"wp-block-list\"><li>Le <strong>compte personnel de formation<\/strong> finance seulement les actions affich\u00e9es comme \u00e9ligibles sur Mon Compte Formation.<\/li><li>Un salari\u00e9 peut demander un financement \u00e0 son employeur via son <strong>OPCO<\/strong>, m\u00eame lorsque son CPF est insuffisant.<\/li><li>Le projet de transition professionnelle maintient, sous conditions, la r\u00e9mun\u00e9ration pendant une formation longue de reconversion.<\/li><li>Un ind\u00e9pendant rel\u00e8ve d\u2019un fonds d\u2019assurance formation identifi\u00e9 sur son attestation de contribution \u00e0 la formation professionnelle.<\/li><li>France Travail, l\u2019Agefiph et certaines collectivit\u00e9s peuvent compl\u00e9ter un plan de financement, mais aucun accord ne doit \u00eatre pr\u00e9sum\u00e9 avant notification \u00e9crite.<\/li><\/ul>\n\n<p class=\"wp-block-paragraph\">Ce relev\u00e9 traite des voies de financement accessibles \u00e0 une personne qui pr\u00e9pare ou consolide une activit\u00e9 de praticien ind\u00e9pendant en bien-\u00eatre naturel. Il ne porte ni sur les effets des m\u00e9thodes enseign\u00e9es, ni sur la valeur commerciale d\u2019une \u00e9cole, ni sur le droit d\u2019utiliser un titre sur une plaque ou un site professionnel.<\/p>\n\n<div id=\"ez-toc-container\" class=\"ez-toc-v2_0_87 counter-hierarchy ez-toc-counter ez-toc-grey ez-toc-container-direction\">\n<div class=\"ez-toc-title-container\">\n<p class=\"ez-toc-title\" style=\"cursor:inherit\">Sommaire<\/p>\n<span class=\"ez-toc-title-toggle\"><a href=\"#\" class=\"ez-toc-pull-right ez-toc-btn ez-toc-btn-xs ez-toc-btn-default ez-toc-toggle\" aria-label=\"Toggle Table of Content\"><span class=\"ez-toc-js-icon-con\"><span class=\"\"><span class=\"eztoc-hide\" style=\"display:none;\">Toggle<\/span><span class=\"ez-toc-icon-toggle-span\"><svg style=\"fill: #999;color:#999\" xmlns=\"http:\/\/www.w3.org\/2000\/svg\" class=\"list-377408\" width=\"20px\" height=\"20px\" viewBox=\"0 0 24 24\" fill=\"none\"><path d=\"M6 6H4v2h2V6zm14 0H8v2h12V6zM4 11h2v2H4v-2zm16 0H8v2h12v-2zM4 16h2v2H4v-2zm16 0H8v2h12v-2z\" fill=\"currentColor\"><\/path><\/svg><svg style=\"fill: #999;color:#999\" class=\"arrow-unsorted-368013\" xmlns=\"http:\/\/www.w3.org\/2000\/svg\" width=\"10px\" height=\"10px\" viewBox=\"0 0 24 24\" version=\"1.2\" baseProfile=\"tiny\"><path d=\"M18.2 9.3l-6.2-6.3-6.2 6.3c-.2.2-.3.4-.3.7s.1.5.3.7c.2.2.4.3.7.3h11c.3 0 .5-.1.7-.3.2-.2.3-.5.3-.7s-.1-.5-.3-.7zM5.8 14.7l6.2 6.3 6.2-6.3c.2-.2.3-.5.3-.7s-.1-.5-.3-.7c-.2-.2-.4-.3-.7-.3h-11c-.3 0-.5.1-.7.3-.2.2-.3.5-.3.7s.1.5.3.7z\"\/><\/svg><\/span><\/span><\/span><\/a><\/span><\/div>\n<nav><ul class='ez-toc-list ez-toc-list-level-1 eztoc-toggle-hide-by-default' ><li class='ez-toc-page-1 ez-toc-heading-level-2'><a class=\"ez-toc-link ez-toc-heading-1\" href=\"https:\/\/prosdelanature.fr\/blog\/financer-formation-cpf-opco\/#Comment_verifier_si_le_CPF_peut_financer_la_formation_professionnelle_choisie\" >Comment v\u00e9rifier si le CPF peut financer la formation professionnelle choisie ?<\/a><\/li><li class='ez-toc-page-1 ez-toc-heading-level-2'><a class=\"ez-toc-link ez-toc-heading-2\" href=\"https:\/\/prosdelanature.fr\/blog\/financer-formation-cpf-opco\/#Quel_financement_OPCO_demander_quand_la_formation_de_praticien_est_suivie_pendant_un_emploi_salarie\" >Quel financement OPCO demander quand la formation de praticien est suivie pendant un emploi salari\u00e9 ?<\/a><\/li><li class='ez-toc-page-1 ez-toc-heading-level-2'><a class=\"ez-toc-link ez-toc-heading-3\" href=\"https:\/\/prosdelanature.fr\/blog\/financer-formation-cpf-opco\/#Dans_quels_cas_Transitions_Pro_finance-t-il_une_reconversion_vers_une_activite_independante\" >Dans quels cas Transitions Pro finance-t-il une reconversion vers une activit\u00e9 ind\u00e9pendante ?<\/a><\/li><li class='ez-toc-page-1 ez-toc-heading-level-2'><a class=\"ez-toc-link ez-toc-heading-4\" href=\"https:\/\/prosdelanature.fr\/blog\/financer-formation-cpf-opco\/#Quelle_aide_financiere_demander_a_France_Travail_au_FAF_ou_a_lAgefiph\" >Quelle aide financi\u00e8re demander \u00e0 France Travail, au FAF ou \u00e0 l\u2019Agefiph ?<\/a><\/li><li class='ez-toc-page-1 ez-toc-heading-level-2'><a class=\"ez-toc-link ez-toc-heading-5\" href=\"https:\/\/prosdelanature.fr\/blog\/financer-formation-cpf-opco\/#Comment_construire_un_plan_de_financement_sans_confondre_prix_de_formation_et_cout_dinstallation\" >Comment construire un plan de financement sans confondre prix de formation et co\u00fbt d\u2019installation ?<\/a><\/li><\/ul><\/nav><\/div>\n<h2 class=\"wp-block-heading\"><span class=\"ez-toc-section\" id=\"Comment_verifier_si_le_CPF_peut_financer_la_formation_professionnelle_choisie\"><\/span>Comment v\u00e9rifier si le CPF peut financer la formation professionnelle choisie ?<span class=\"ez-toc-section-end\"><\/span><\/h2>\n\n<p class=\"wp-block-paragraph\">Le CPF n\u2019est pas une enveloppe librement utilisable pour toute formation professionnelle. La formation doit appara\u00eetre dans le catalogue de <a href=\"https:\/\/www.moncompteformation.gouv.fr\" target=\"_blank\" rel=\"noopener\">Mon Compte Formation<\/a> et relever d\u2019une cat\u00e9gorie \u00e9ligible pr\u00e9vue par le Code du travail. Le contr\u00f4le se fait avant tout versement d\u2019acompte \u00e0 l\u2019organisme.<\/p>\n\n<p class=\"wp-block-paragraph\">Pour un futur praticien, le point d\u00e9cisif est la certification associ\u00e9e au parcours. Une \u00e9cole peut afficher Qualiopi, proposer des \u00e9ch\u00e9anciers de paiement et d\u00e9livrer un certificat de fin de formation sans que son cursus soit mobilisable avec le CPF. <strong>Qualiopi atteste d\u2019un processus qualit\u00e9 de l\u2019organisme ; elle ne cr\u00e9e pas l\u2019\u00e9ligibilit\u00e9 CPF.<\/strong><\/p>\n\n<h3 class=\"wp-block-heading\">La fiche RNCP ou RS doit \u00eatre lue avant le programme commercial<\/h3>\n\n<p class=\"wp-block-paragraph\">Une formation propos\u00e9e au CPF doit \u00eatre rattach\u00e9e \u00e0 une certification active au R\u00e9pertoire national des certifications professionnelles, le RNCP, ou au R\u00e9pertoire sp\u00e9cifique, le RS. La fiche doit \u00eatre consult\u00e9e sur <a href=\"https:\/\/www.francecompetences.fr\/recherche_certificationprofessionnelle\/\" target=\"_blank\" rel=\"noopener\">France Comp\u00e9tences<\/a>, avec son num\u00e9ro, son certificateur, sa date d\u2019enregistrement et son \u00e9ch\u00e9ance.<\/p>\n\n<p class=\"wp-block-paragraph\">La fiche ne garantit pas que tous les modules d\u2019une \u00e9cole sont financ\u00e9s. Elle permet de v\u00e9rifier l\u2019intitul\u00e9 exact, le niveau lorsqu\u2019il existe, les comp\u00e9tences \u00e9valu\u00e9es et la p\u00e9riode de validit\u00e9. Une formation pr\u00e9sent\u00e9e sous un nom voisin de la certification doit donc \u00eatre compar\u00e9e ligne par ligne \u00e0 l\u2019offre visible sur Mon Compte Formation.<\/p>\n\n<p class=\"wp-block-paragraph\">Le relev\u00e9 documentaire doit aussi porter sur la date d\u2019\u00e9ch\u00e9ance. Une fiche active le jour de l\u2019inscription peut arriver \u00e0 expiration plus tard, tandis qu\u2019une formation d\u00e9j\u00e0 command\u00e9e suit alors les r\u00e8gles pr\u00e9vues dans le dossier. L\u2019article consacr\u00e9 \u00e0 <a href=\"https:\/\/prosdelanature.fr\/blog\/rncp-rs-qualiopi-ecole\/\">la diff\u00e9rence entre RNCP, RS et Qualiopi<\/a> permet de v\u00e9rifier ces trois niveaux sans les confondre.<\/p>\n\n<figure class=\"wp-block-table\"><table>\n<thead>\n<tr>\n<th>\u00c9l\u00e9ment contr\u00f4l\u00e9<\/th>\n<th>Ce qu\u2019il d\u00e9montre<\/th>\n<th>Ce qu\u2019il ne d\u00e9montre pas<\/th>\n<\/tr>\n<\/thead>\n<tbody>\n<tr>\n<td>Fiche RNCP active<\/td>\n<td>Une certification professionnelle est enregistr\u00e9e pour une dur\u00e9e d\u00e9termin\u00e9e.<\/td>\n<td>Que chaque parcours de l\u2019\u00e9cole est visible ou finan\u00e7able au CPF.<\/td>\n<\/tr>\n<tr>\n<td>Fiche RS active<\/td>\n<td>Une certification de comp\u00e9tences sp\u00e9cifiques est enregistr\u00e9e.<\/td>\n<td>Que le titre professionnel de praticien est prot\u00e9g\u00e9.<\/td>\n<\/tr>\n<tr>\n<td>Certification Qualiopi<\/td>\n<td>L\u2019organisme r\u00e9pond aux exigences qualit\u00e9 pour les cat\u00e9gories certifi\u00e9es.<\/td>\n<td>Une prise en charge automatique par le CPF, un OPCO ou France Travail.<\/td>\n<\/tr>\n<tr>\n<td>Offre affich\u00e9e sur Mon Compte Formation<\/td>\n<td>La session peut \u00eatre r\u00e9serv\u00e9e dans le cadre du dispositif, sous r\u00e9serve des conditions affich\u00e9es.<\/td>\n<td>Que le solde disponible couvre le prix total.<\/td>\n<\/tr>\n<\/tbody>\n<\/table><\/figure>\n\n<p class=\"wp-block-paragraph\">Le portail Mon Compte Formation rappelle, dans ses conditions consult\u00e9es en 2026, qu\u2019une participation financi\u00e8re obligatoire peut s\u2019appliquer \u00e0 l\u2019utilisateur, sauf cas d\u2019exon\u00e9ration pr\u00e9vus par les textes ou d\u2019abondement. Le montant de cette participation \u00e9tant revaloris\u00e9, il faut le relever directement lors de la simulation et non le reprendre d\u2019un article ancien.<\/p>\n\n<p class=\"wp-block-paragraph\">Un abondement peut venir de l\u2019employeur, d\u2019un OPCO, de France Travail, d\u2019une r\u00e9gion ou de l\u2019Agefiph. Il intervient seulement lorsque le financeur accepte de compl\u00e9ter le dossier. Un devis annonc\u00e9 \u00e0 4 500 \u20ac ne devient donc pas un co\u00fbt nul parce que le compte affiche 3 000 \u20ac de droits.<\/p>\n\n<p class=\"wp-block-paragraph\">La proc\u00e9dure utile tient en quatre v\u00e9rifications successives.<\/p>\n\n<ol class=\"wp-block-list\"><li>Consulter le solde CPF sur le compte personnel de formation.<\/li><li>Ouvrir l\u2019offre de la session vis\u00e9e et identifier la certification mobilis\u00e9e.<\/li><li>Retrouver cette certification sur France Comp\u00e9tences, puis relever son \u00e9ch\u00e9ance.<\/li><li>Calculer le reste \u00e0 payer avant de valider une inscription ou de demander un abondement.<\/li><\/ol>\n\n<p class=\"wp-block-paragraph\">Le CPF finance un dossier identifi\u00e9, pas une promesse g\u00e9n\u00e9rale d\u2019acc\u00e8s \u00e0 un m\u00e9tier. Cette diff\u00e9rence \u00e9vite de choisir une \u00e9cole sur la seule pr\u00e9sence d\u2019un logo Qualiopi.<\/p>\n\n<h2 class=\"wp-block-heading\"><span class=\"ez-toc-section\" id=\"Quel_financement_OPCO_demander_quand_la_formation_de_praticien_est_suivie_pendant_un_emploi_salarie\"><\/span>Quel financement OPCO demander quand la formation de praticien est suivie pendant un emploi salari\u00e9 ?<span class=\"ez-toc-section-end\"><\/span><\/h2>\n\n<p class=\"wp-block-paragraph\">L\u2019OPCO ne finance pas directement un salari\u00e9 \u00e0 sa seule demande. Il intervient au titre de l\u2019entreprise, selon la branche professionnelle et les r\u00e8gles de prise en charge applicables. Le salari\u00e9 commence donc par un \u00e9change avec l\u2019employeur ou le service des ressources humaines, avant toute entr\u00e9e en formation.<\/p>\n\n<p class=\"wp-block-paragraph\">Les op\u00e9rateurs de comp\u00e9tences remplacent les anciens organismes paritaires collecteurs agr\u00e9\u00e9s. Leur r\u00f4le est pr\u00e9cis\u00e9 par le minist\u00e8re du Travail dans la pr\u00e9sentation des <a href=\"https:\/\/travail-emploi.gouv.fr\/les-operateurs-de-competences-opco\" target=\"_blank\" rel=\"noopener\">op\u00e9rateurs de comp\u00e9tences<\/a>, consult\u00e9e en 2026. L\u2019OPCO comp\u00e9tent d\u00e9pend de la convention collective ou de l\u2019activit\u00e9 principale de l\u2019employeur, pas du futur m\u00e9tier envisag\u00e9.<\/p>\n\n<h3 class=\"wp-block-heading\">Le plan de d\u00e9veloppement des comp\u00e9tences ne se confond pas avec un cong\u00e9 formation<\/h3>\n\n<p class=\"wp-block-paragraph\">Le financement par OPCO passe souvent par le plan de d\u00e9veloppement des comp\u00e9tences de l\u2019entreprise. L\u2019employeur d\u00e9cide d\u2019y inscrire une action et d\u00e9pose, lorsque cela est requis, la demande aupr\u00e8s de son op\u00e9rateur. Le salari\u00e9 n\u2019obtient pas un droit individuel identique au CPF.<\/p>\n\n<p class=\"wp-block-paragraph\">Cette distinction change le calendrier. Pour une formation suivie hors temps de travail, l\u2019accord de l\u2019employeur peut \u00eatre moins central sur l\u2019organisation du temps, mais l\u2019aide financi\u00e8re de l\u2019entreprise reste soumise \u00e0 sa d\u00e9cision. Pour une formation suivie pendant les heures de travail, l\u2019autorisation d\u2019absence et l\u2019organisation du remplacement doivent \u00eatre trait\u00e9es en m\u00eame temps.<\/p>\n\n<p class=\"wp-block-paragraph\">Un dossier solide contient un programme d\u00e9taill\u00e9, les dates, le rythme, le co\u00fbt TTC, les modalit\u00e9s d\u2019\u00e9valuation, le num\u00e9ro de d\u00e9claration d\u2019activit\u00e9 de l\u2019organisme et son certificat Qualiopi lorsqu\u2019il est requis. Il doit aussi pr\u00e9ciser la certification RNCP ou RS lorsqu\u2019elle existe. Une brochure commerciale sans calendrier ni prix d\u00e9taill\u00e9 oblige souvent l\u2019employeur \u00e0 r\u00e9clamer des pi\u00e8ces compl\u00e9mentaires.<\/p>\n\n<p class=\"wp-block-paragraph\">Les plafonds, les priorit\u00e9s de branche et les frais annexes varient selon l\u2019OPCO. Certains financent des co\u00fbts p\u00e9dagogiques dans une limite annuelle ; d\u2019autres pr\u00e9voient des r\u00e8gles diff\u00e9rentes pour les petites entreprises, les formations obligatoires ou certains publics. <strong>Il n\u2019existe pas de bar\u00e8me OPCO unique pour les futurs praticiens.<\/strong><\/p>\n\n<p class=\"wp-block-paragraph\">La demande doit \u00eatre d\u00e9pos\u00e9e avant le d\u00e9but de la session lorsque l\u2019OPCO l\u2019exige. Une convention sign\u00e9e apr\u00e8s le d\u00e9marrage peut ne plus \u00eatre recevable. Cette r\u00e8gle pratique m\u00e9rite plus d\u2019attention que les promesses de financement affich\u00e9es par les catalogues d\u2019\u00e9coles.<\/p>\n\n<figure class=\"is-provider-youtube is-type-video wp-block-embed wp-block-embed-youtube wp-embed-aspect-16-9 wp-has-aspect-ratio\"><div class=\"wp-block-embed__wrapper\">\n<iframe loading=\"lazy\" title=\"Projet de Transition Pro (PTP) : comment d\u00e9poser un dossier \u00e9ligible\" width=\"500\" height=\"281\" src=\"https:\/\/www.youtube.com\/embed\/kxJvirg0nj4?feature=oembed\" frameborder=\"0\" allow=\"accelerometer; autoplay; clipboard-write; encrypted-media; gyroscope; picture-in-picture; web-share\" referrerpolicy=\"strict-origin-when-cross-origin\" allowfullscreen><\/iframe>\n<\/div><\/figure>\n\n<p class=\"wp-block-paragraph\">Le CPF et l\u2019OPCO peuvent \u00eatre combin\u00e9s, mais ils ne poursuivent pas le m\u00eame objet. Le CPF appartient \u00e0 l\u2019actif, tandis que l\u2019OPCO engage le budget formation de l\u2019entreprise. Lorsqu\u2019un salari\u00e9 souhaite pr\u00e9server son CPF, il peut demander \u00e0 l\u2019employeur de financer tout ou partie du co\u00fbt via le plan de d\u00e9veloppement des comp\u00e9tences.<\/p>\n\n<p class=\"wp-block-paragraph\">Le refus de l\u2019employeur n\u2019emp\u00eache pas de mobiliser le CPF si la formation est \u00e9ligible. Il ferme seulement la voie du financement employeur pour cette session. Un refus n\u2019autorise pas davantage \u00e0 pr\u00e9senter l\u2019OPCO comme une subvention formation acquise.<\/p>\n\n<p class=\"wp-block-paragraph\">Le point juridique relatif \u00e0 l\u2019autorisation d\u2019absence, au maintien \u00e9ventuel de la r\u00e9mun\u00e9ration ou \u00e0 une clause figurant dans le contrat de travail doit \u00eatre examin\u00e9 avec un juriste en droit du travail. Il faut lui remettre le contrat, la convention collective applicable et le programme dat\u00e9 de la formation.<\/p>\n\n<p class=\"wp-block-paragraph\">Un OPCO utile se pr\u00e9pare comme un dossier d\u2019entreprise : co\u00fbt, dates, certification et cons\u00e9quence sur le temps de travail doivent \u00eatre \u00e9tablis avant la premi\u00e8re demande.<\/p>\n\n<h2 class=\"wp-block-heading\"><span class=\"ez-toc-section\" id=\"Dans_quels_cas_Transitions_Pro_finance-t-il_une_reconversion_vers_une_activite_independante\"><\/span>Dans quels cas Transitions Pro finance-t-il une reconversion vers une activit\u00e9 ind\u00e9pendante ?<span class=\"ez-toc-section-end\"><\/span><\/h2>\n\n<p class=\"wp-block-paragraph\">Transitions Pro g\u00e8re le projet de transition professionnelle, souvent nomm\u00e9 PTP. Ce dispositif s\u2019adresse principalement aux salari\u00e9s qui veulent suivre une formation certifiante pour changer de m\u00e9tier, avec une demande examin\u00e9e avant le d\u00e9part en formation. Il ne doit pas \u00eatre confondu avec une simple utilisation du CPF hors temps de travail.<\/p>\n\n<p class=\"wp-block-paragraph\">Le cadre l\u00e9gal du PTP figure aux articles L6323-17-1 et suivants du Code du travail, consultables sur <a href=\"https:\/\/www.legifrance.gouv.fr\/codes\/id\/LEGISCTA000037398246\" target=\"_blank\" rel=\"noopener\">L\u00e9gifrance<\/a> en 2026. Le dispositif peut financer le co\u00fbt p\u00e9dagogique et maintenir tout ou partie de la r\u00e9mun\u00e9ration selon les r\u00e8gles applicables au dossier. Les conditions d\u2019anciennet\u00e9 et les d\u00e9lais de d\u00e9p\u00f4t sont v\u00e9rifi\u00e9s par l\u2019association Transitions Pro de la r\u00e9gion concern\u00e9e.<\/p>\n\n<h3 class=\"wp-block-heading\">Le projet doit viser une certification et un changement professionnel document\u00e9<\/h3>\n\n<p class=\"wp-block-paragraph\">Un projet de transition professionnelle suppose plus qu\u2019une envie de changement. Le dossier doit pr\u00e9senter la formation, le m\u00e9tier vis\u00e9, la coh\u00e9rence du parcours et les perspectives concr\u00e8tes apr\u00e8s la certification. Pour une activit\u00e9 de praticien ind\u00e9pendant, cela implique de d\u00e9crire un projet d\u2019installation r\u00e9aliste sans attribuer \u00e0 la m\u00e9thode enseign\u00e9e des effets de sant\u00e9.<\/p>\n\n<p class=\"wp-block-paragraph\">Le jury examine notamment la pertinence de la formation, les comp\u00e9tences d\u00e9j\u00e0 d\u00e9tenues, le besoin de financement et les d\u00e9bouch\u00e9s identifi\u00e9s. Il ne suffit donc pas d\u2019indiquer qu\u2019un organisme est Qualiopi. La formation choisie doit en principe pr\u00e9parer \u00e0 une certification active au RNCP ou au RS, selon les crit\u00e8res du dispositif et de la commission comp\u00e9tente.<\/p>\n\n<p class=\"wp-block-paragraph\">Un calendrier mal construit fait tomber des dossiers pourtant s\u00e9rieux. Le salari\u00e9 doit respecter un d\u00e9lai pour demander son autorisation d\u2019absence \u00e0 l\u2019employeur lorsque la formation se d\u00e9roule sur le temps de travail. Il doit ensuite d\u00e9poser son dossier aupr\u00e8s de Transitions Pro avec les pi\u00e8ces demand\u00e9es, avant la date limite publi\u00e9e par son association r\u00e9gionale.<\/p>\n\n<p class=\"wp-block-paragraph\">Le terme <strong>cong\u00e9 formation<\/strong> est souvent utilis\u00e9 dans les recherches, mais il ne d\u00e9crit pas \u00e0 lui seul le m\u00e9canisme actuel. Le PTP est un droit encadr\u00e9, avec une proc\u00e9dure, une d\u00e9cision de commission et des d\u00e9lais. Une formation commenc\u00e9e avant l\u2019accord \u00e9crit ne doit pas \u00eatre consid\u00e9r\u00e9e comme finan\u00e7able par principe.<\/p>\n\n<p class=\"wp-block-paragraph\">Le CPF peut contribuer au montage financier si les r\u00e8gles de la session et de Transitions Pro le pr\u00e9voient. Il ne remplace pas la demande PTP. L\u2019ordre prudent consiste \u00e0 demander d\u2019abord le calendrier officiel \u00e0 Transitions Pro, puis \u00e0 v\u00e9rifier les droits CPF, et enfin \u00e0 signer une convention avec l\u2019organisme.<\/p>\n\n<figure class=\"is-provider-youtube is-type-video wp-block-embed wp-block-embed-youtube wp-embed-aspect-16-9 wp-has-aspect-ratio\"><div class=\"wp-block-embed__wrapper\">\n<iframe loading=\"lazy\" title=\"Transitions Pro - Le dispositif PTP\" width=\"500\" height=\"281\" src=\"https:\/\/www.youtube.com\/embed\/nuAX0yIxoH8?feature=oembed\" frameborder=\"0\" allow=\"accelerometer; autoplay; clipboard-write; encrypted-media; gyroscope; picture-in-picture; web-share\" referrerpolicy=\"strict-origin-when-cross-origin\" allowfullscreen><\/iframe>\n<\/div><\/figure>\n\n<p class=\"wp-block-paragraph\">Le passage vers l\u2019ind\u00e9pendance demande aussi un budget distinct de la formation. L\u2019immatriculation, la responsabilit\u00e9 civile professionnelle, le local \u00e9ventuel, le mat\u00e9riel administratif et les premi\u00e8res cotisations ne sont pas automatiquement inclus dans la prise en charge. Un plan de tr\u00e9sorerie s\u00e9par\u00e9 \u00e9vite de consacrer la totalit\u00e9 de l\u2019\u00e9pargne au seul cursus.<\/p>\n\n<p class=\"wp-block-paragraph\">Il faut \u00e9galement distinguer le titre d\u00e9livr\u00e9 par l\u2019\u00e9cole du droit de se pr\u00e9senter sous une appellation r\u00e9glement\u00e9e. Certains mots sont libres dans le langage courant sans \u00eatre des titres prot\u00e9g\u00e9s. Le contr\u00f4le d\u00e9taill\u00e9 des <a href=\"https:\/\/prosdelanature.fr\/blog\/titres-proteges-therapeute\/\">titres prot\u00e9g\u00e9s et du mot \u00ab th\u00e9rapeute \u00bb<\/a> doit \u00eatre fait avant l\u2019impression d\u2019une plaque, la cr\u00e9ation d\u2019un site ou la commande de cartes de visite.<\/p>\n\n<p class=\"wp-block-paragraph\">Transitions Pro finance un passage professionnel d\u00e9montr\u00e9, pas un catalogue de formation choisi au hasard. La qualit\u00e9 du dossier tient donc \u00e0 ses pi\u00e8ces administratives autant qu\u2019\u00e0 son calendrier.<\/p>\n\n<h2 class=\"wp-block-heading\"><span class=\"ez-toc-section\" id=\"Quelle_aide_financiere_demander_a_France_Travail_au_FAF_ou_a_lAgefiph\"><\/span>Quelle aide financi\u00e8re demander \u00e0 France Travail, au FAF ou \u00e0 l\u2019Agefiph ?<span class=\"ez-toc-section-end\"><\/span><\/h2>\n\n<p class=\"wp-block-paragraph\">Les demandeurs d\u2019emploi, ind\u00e9pendants et personnes titulaires d\u2019une reconnaissance de la qualit\u00e9 de travailleur handicap\u00e9 ne suivent pas le m\u00eame circuit. Ils peuvent parfois cumuler plusieurs aides, mais chaque organisme conserve ses crit\u00e8res, son formulaire et son calendrier. Une aide financi\u00e8re annonc\u00e9e oralement ne remplace jamais une d\u00e9cision \u00e9crite.<\/p>\n\n<p class=\"wp-block-paragraph\">France Travail peut \u00e9tudier une aide individuelle \u00e0 la formation, l\u2019AIF, lorsque les autres financements ne couvrent pas le besoin. La pr\u00e9sentation officielle de <a href=\"https:\/\/www.francetravail.fr\/candidat\/en-formation\/mes-aides-financieres\/laide-individuelle-a-la-formation.html\" target=\"_blank\" rel=\"noopener\">l\u2019aide individuelle \u00e0 la formation<\/a>, consult\u00e9e en 2026, pr\u00e9cise que le projet doit \u00eatre valid\u00e9 avec le conseiller avant l\u2019entr\u00e9e en formation.<\/p>\n\n<h3 class=\"wp-block-heading\">France Travail examine le projet avant la signature d\u00e9finitive<\/h3>\n\n<p class=\"wp-block-paragraph\">Le dossier doit comporter un devis de l\u2019organisme, les dates, le programme, le co\u00fbt et les modalit\u00e9s de la formation. France Travail examine la coh\u00e9rence entre le projet, les comp\u00e9tences ant\u00e9rieures, le retour \u00e0 l\u2019emploi envisag\u00e9 et le financement d\u00e9j\u00e0 mobilisable. Le CPF peut \u00eatre sollicit\u00e9 en premier lorsque l\u2019action y est \u00e9ligible.<\/p>\n\n<p class=\"wp-block-paragraph\">Un projet de cr\u00e9ation d\u2019activit\u00e9 doit \u00eatre document\u00e9 avec retenue. Les pr\u00e9visions de chiffre d\u2019affaires doivent reposer sur une offre tarifaire, des charges estim\u00e9es et un calendrier d\u2019installation, non sur des affirmations concernant les r\u00e9sultats des consultations. L\u2019organisme peut demander des pr\u00e9cisions compl\u00e9mentaires avant sa d\u00e9cision.<\/p>\n\n<p class=\"wp-block-paragraph\">Les r\u00e9gions disposent parfois de programmes propres, avec des crit\u00e8res d\u2019\u00e2ge, de qualification, de secteur ou de r\u00e9sidence. Ces r\u00e8gles changent selon le territoire et les appels \u00e0 projets. Il faut consulter le site r\u00e9gional et demander au conseiller France Travail si une articulation est possible.<\/p>\n\n<h3 class=\"wp-block-heading\">Le FAF d\u00e9pend de l\u2019activit\u00e9 d\u00e9j\u00e0 d\u00e9clar\u00e9e par l\u2019ind\u00e9pendant<\/h3>\n\n<p class=\"wp-block-paragraph\">Un praticien d\u00e9j\u00e0 install\u00e9 peut disposer d\u2019un droit aupr\u00e8s d\u2019un fonds d\u2019assurance formation, sous r\u00e9serve d\u2019\u00eatre \u00e0 jour de sa contribution \u00e0 la formation professionnelle. L\u2019attestation de contribution, t\u00e9l\u00e9chargeable depuis l\u2019espace Urssaf, indique le fonds comp\u00e9tent. Cette pi\u00e8ce \u00e9vite d\u2019adresser une demande au mauvais organisme.<\/p>\n\n<p class=\"wp-block-paragraph\">Le FIF PL concerne notamment certaines professions lib\u00e9rales, l\u2019AGEFICE des dirigeants non salari\u00e9s relevant du commerce ou des services, et le FAFCEA les artisans. La cat\u00e9gorie r\u00e9elle d\u00e9pend du code d\u2019activit\u00e9, du statut et des r\u00e8gles de l\u2019organisme. Les crit\u00e8res annuels, plafonds et th\u00e8mes pris en charge doivent \u00eatre lus sur le site du fonds avant tout engagement.<\/p>\n\n<p class=\"wp-block-paragraph\">Le FAF n\u2019a pas vocation \u00e0 payer indistinctement une reconversion compl\u00e8te avant cr\u00e9ation d\u2019entreprise. Il intervient plus fr\u00e9quemment pour la formation continue d\u2019un ind\u00e9pendant qui exerce d\u00e9j\u00e0 et cotise. Un futur cr\u00e9ateur sans activit\u00e9 d\u00e9clar\u00e9e doit donc v\u00e9rifier son \u00e9ligibilit\u00e9 r\u00e9elle au lieu de compter sur un plafond suppos\u00e9.<\/p>\n\n<p class=\"wp-block-paragraph\">L\u2019Agefiph peut compl\u00e9ter un dossier lorsqu\u2019une personne dispose de la RQTH. Ses aides sont examin\u00e9es avec les autres droits ouverts, notamment le CPF, France Travail ou l\u2019employeur. Les conditions et la demande sont pr\u00e9sent\u00e9es sur <a href=\"https:\/\/www.agefiph.fr\/aides-handicap\/aide-la-formation-dans-le-cadre-du-parcours-vers-lemploi\" target=\"_blank\" rel=\"noopener\">le site de l\u2019Agefiph<\/a>, consult\u00e9 en 2026.<\/p>\n\n<p class=\"wp-block-paragraph\">Le handicap, l\u2019ind\u00e9pendance et le ch\u00f4mage ne produisent pas automatiquement une prise en charge totale. Ils ouvrent un circuit d\u2019instruction suppl\u00e9mentaire, qui doit \u00eatre d\u00e9clench\u00e9 assez t\u00f4t pour \u00e9viter de perdre une session ou un tarif.<\/p>\n\n<p class=\"wp-block-paragraph\">Lorsqu\u2019un refus de financement met en cause la lecture d\u2019un r\u00e8glement, le bon interlocuteur est le service instructeur du financeur, puis un juriste en cas de contestation. Un expert-comptable intervient, lui, pour appr\u00e9cier l\u2019impact de la d\u00e9pense sur la future activit\u00e9 et sa d\u00e9ductibilit\u00e9 \u00e9ventuelle.<\/p>\n\n<p class=\"wp-block-paragraph\">Le bon financeur est celui qui correspond au statut d\u00e9tenu le jour de la demande. Changer de cat\u00e9gorie sur le formulaire pour entrer dans un bar\u00e8me plus favorable expose le dossier \u00e0 un refus.<\/p>\n\n<h2 class=\"wp-block-heading\"><span class=\"ez-toc-section\" id=\"Comment_construire_un_plan_de_financement_sans_confondre_prix_de_formation_et_cout_dinstallation\"><\/span>Comment construire un plan de financement sans confondre prix de formation et co\u00fbt d\u2019installation ?<span class=\"ez-toc-section-end\"><\/span><\/h2>\n\n<p class=\"wp-block-paragraph\">Un plan de financement s\u00e9rieux distingue trois montants : le prix de la formation, les frais qui restent \u00e0 la charge de l\u2019\u00e9l\u00e8ve et le budget n\u00e9cessaire apr\u00e8s l\u2019obtention du certificat. Cette s\u00e9paration est particuli\u00e8rement utile pour une future activit\u00e9 de praticien, car un financement du cursus ne finance pas n\u00e9cessairement le d\u00e9marrage administratif.<\/p>\n\n<p class=\"wp-block-paragraph\">Les offres observ\u00e9es dans le secteur affichent des \u00e9carts importants entre modules courts, parcours professionnalisants et formations longues. Aucun prix unique ne peut \u00eatre retenu sans relever le tarif public, la dur\u00e9e, les modalit\u00e9s de r\u00e8glement et la certification correspondante \u00e0 une date donn\u00e9e. <strong>Un paiement mensuel est un \u00e9talement de dette, pas une subvention formation.<\/strong><\/p>\n\n<h3 class=\"wp-block-heading\">Le devis doit \u00eatre relu comme une pi\u00e8ce contractuelle<\/h3>\n\n<p class=\"wp-block-paragraph\">Avant de d\u00e9poser une demande CPF, OPCO ou Transitions Pro, demandez un devis nominatif et un programme d\u00e9taill\u00e9. Le document doit pr\u00e9ciser le prix TTC, les dates, le nombre d\u2019heures, les frais annexes, les modalit\u00e9s d\u2019annulation, la certification pr\u00e9par\u00e9e et les conditions de d\u00e9livrance de l\u2019attestation ou du certificat.<\/p>\n\n<p class=\"wp-block-paragraph\">Le financement d\u2019une action certifi\u00e9e ne donne pas une autorisation g\u00e9n\u00e9rale d\u2019employer un titre. L\u2019usage professionnel d\u2019une appellation d\u00e9pend des textes qui prot\u00e8gent certains titres et des termes employ\u00e9s dans la communication commerciale. Cette v\u00e9rification doit \u00eatre men\u00e9e s\u00e9par\u00e9ment du budget.<\/p>\n\n<p class=\"wp-block-paragraph\">Les frais annexes peuvent inclure le transport, l\u2019h\u00e9bergement, les ouvrages, une plateforme p\u00e9dagogique, des \u00e9valuations, des rattrapages ou une adh\u00e9sion facultative. Leur prise en charge varie selon le financeur. Une somme omise sur le premier devis devient souvent un reste \u00e0 payer imm\u00e9diat.<\/p>\n\n<p class=\"wp-block-paragraph\">Le tableau suivant n\u2019\u00e9tablit pas de tarif de march\u00e9. Il sert \u00e0 s\u00e9parer les d\u00e9penses et les financeurs potentiels avant toute demande.<\/p>\n\n<figure class=\"wp-block-table\"><table>\n<thead>\n<tr>\n<th>Poste \u00e0 chiffrer<\/th>\n<th>Pi\u00e8ce \u00e0 demander ou \u00e0 produire<\/th>\n<th>Financeur potentiellement mobilisable<\/th>\n<th>Point de contr\u00f4le<\/th>\n<\/tr>\n<\/thead>\n<tbody>\n<tr>\n<td>Co\u00fbt p\u00e9dagogique<\/td>\n<td>Devis nominatif avec calendrier et certification<\/td>\n<td>CPF, OPCO, Transitions Pro, France Travail, FAF<\/td>\n<td>Accord obtenu avant l\u2019entr\u00e9e en formation<\/td>\n<\/tr>\n<tr>\n<td>Reste \u00e0 charge CPF<\/td>\n<td>Simulation r\u00e9alis\u00e9e sur Mon Compte Formation<\/td>\n<td>Personne form\u00e9e ou financeur abondant<\/td>\n<td>Montant affich\u00e9 le jour de l\u2019inscription<\/td>\n<\/tr>\n<tr>\n<td>Transport et h\u00e9bergement<\/td>\n<td>Devis ou justificatifs pr\u00e9visionnels<\/td>\n<td>Selon le r\u00e8glement du financeur<\/td>\n<td>Frais express\u00e9ment admis ou exclus<\/td>\n<\/tr>\n<tr>\n<td>\u00c9quipement administratif<\/td>\n<td>Budget distinct<\/td>\n<td>Souvent autofinancement<\/td>\n<td>Ne pas l\u2019int\u00e9grer au devis p\u00e9dagogique sans base r\u00e9glementaire<\/td>\n<\/tr>\n<tr>\n<td>Installation de l\u2019activit\u00e9<\/td>\n<td>Pr\u00e9visionnel de tr\u00e9sorerie<\/td>\n<td>\u00c9pargne, aides \u00e0 la cr\u00e9ation selon situation<\/td>\n<td>Charges s\u00e9par\u00e9es du financement de formation<\/td>\n<\/tr>\n<\/tbody>\n<\/table><\/figure>\n\n<p class=\"wp-block-paragraph\">L\u2019autofinancement peut compl\u00e9ter une prise en charge partielle. Il est plus lisible lorsqu\u2019il est ventil\u00e9 entre acompte, mensualit\u00e9s et solde final. Il faut v\u00e9rifier si les mensualit\u00e9s continuent pendant une p\u00e9riode sans revenu, notamment lors d\u2019une reconversion suivie d\u2019une cr\u00e9ation d\u2019activit\u00e9.<\/p>\n\n<p class=\"wp-block-paragraph\">Le cumul de financements doit \u00eatre organis\u00e9 dans un ordre \u00e9crit. Le CPF vient souvent en premier lorsqu\u2019il est mobilisable, puis le financement employeur, Transitions Pro, France Travail, un FAF ou l\u2019Agefiph selon le statut. Chaque organisme doit savoir quelle part reste demand\u00e9e ; pr\u00e9senter le co\u00fbt total \u00e0 plusieurs financeurs sans d\u00e9clarer les abondements peut bloquer le dossier.<\/p>\n\n<p class=\"wp-block-paragraph\">Un expert-comptable peut examiner le pr\u00e9visionnel d\u2019installation, la forme juridique envisag\u00e9e, les cotisations et le calendrier de tr\u00e9sorerie. Il faut lui apporter le devis, les accords de financement obtenus et les d\u00e9penses pr\u00e9vues pour les douze premiers mois. Ce point-l\u00e0 se chiffre ; il ne se r\u00e8gle pas par une estimation vague.<\/p>\n\n<p class=\"wp-block-paragraph\">Avant de signer, r\u00e9unissez le devis, la fiche de certification, la preuve Qualiopi, la notification de prise en charge et le calendrier de paiement. Si l\u2019un de ces documents manque, le co\u00fbt r\u00e9el de la formation n\u2019est pas encore \u00e9tabli.<\/p>\n\n<script type=\"application\/ld+json\">\n{\"@context\":\"https:\/\/schema.org\",\"@type\":\"FAQPage\",\"mainEntity\":[{\"@type\":\"Question\",\"name\":\"Le CPF peut-il financer toute formation de praticien ?\",\"acceptedAnswer\":{\"@type\":\"Answer\",\"text\":\"Non. La session doit u00eatre affichu00e9e comme u00e9ligible sur Mon Compte Formation et ru00e9pondre aux conditions du dispositif. La seule pru00e9sence du2019un certificat Qualiopi ne suffit pas.\"}},{\"@type\":\"Question\",\"name\":\"Peut-on mobiliser CPF et OPCO pour la mu00eame formation ?\",\"acceptedAnswer\":{\"@type\":\"Answer\",\"text\":\"Oui, un abondement peut complu00e9ter les droits CPF, mais lu2019employeur et son OPCO doivent accepter le dossier selon leurs ru00e8gles. La demande doit u00eatre faite avant le du00e9but de la session.\"}},{\"@type\":\"Question\",\"name\":\"Transitions Pro finance-t-il une cru00e9ation du2019activitu00e9 indu00e9pendante ?\",\"acceptedAnswer\":{\"@type\":\"Answer\",\"text\":\"Le projet de transition professionnelle peut soutenir une reconversion vers un nouveau mu00e9tier, sous ru00e9serve du2019un dossier certifiant, cohu00e9rent et acceptu00e9 par la commission ru00e9gionale compu00e9tente. Les frais du2019installation restent u00e0 budgu00e9ter su00e9paru00e9ment.\"}},{\"@type\":\"Question\",\"name\":\"Quel fonds solliciter lorsquu2019une activitu00e9 indu00e9pendante existe du00e9ju00e0 ?\",\"acceptedAnswer\":{\"@type\":\"Answer\",\"text\":\"Lu2019attestation de contribution u00e0 la formation professionnelle obtenue aupru00e8s de lu2019Urssaf permet du2019identifier le FAF compu00e9tent. Les critu00e8res annuels du FIF PL, de lu2019AGEFICE ou du FAFCEA doivent ensuite u00eatre vu00e9rifiu00e9s directement aupru00e8s du fonds concernu00e9.\"}}]}\n<\/script>\n<h3>Le CPF peut-il financer toute formation de praticien ?<\/h3>\n<p>Non. La session doit \u00eatre affich\u00e9e comme \u00e9ligible sur Mon Compte Formation et r\u00e9pondre aux conditions du dispositif. La seule pr\u00e9sence d\u2019un certificat Qualiopi ne suffit pas.<\/p>\n<h3>Peut-on mobiliser CPF et OPCO pour la m\u00eame formation ?<\/h3>\n<p>Oui, un abondement peut compl\u00e9ter les droits CPF, mais l\u2019employeur et son OPCO doivent accepter le dossier selon leurs r\u00e8gles. La demande doit \u00eatre faite avant le d\u00e9but de la session.<\/p>\n<h3>Transitions Pro finance-t-il une cr\u00e9ation d\u2019activit\u00e9 ind\u00e9pendante ?<\/h3>\n<p>Le projet de transition professionnelle peut soutenir une reconversion vers un nouveau m\u00e9tier, sous r\u00e9serve d\u2019un dossier certifiant, coh\u00e9rent et accept\u00e9 par la commission r\u00e9gionale comp\u00e9tente. Les frais d\u2019installation restent \u00e0 budg\u00e9ter s\u00e9par\u00e9ment.<\/p>\n<h3>Quel fonds solliciter lorsqu\u2019une activit\u00e9 ind\u00e9pendante existe d\u00e9j\u00e0 ?<\/h3>\n<p>L\u2019attestation de contribution \u00e0 la formation professionnelle obtenue aupr\u00e8s de l\u2019Urssaf permet d\u2019identifier le FAF comp\u00e9tent. Les crit\u00e8res annuels du FIF PL, de l\u2019AGEFICE ou du FAFCEA doivent ensuite \u00eatre v\u00e9rifi\u00e9s directement aupr\u00e8s du fonds concern\u00e9.<\/p>\n\n","protected":false},"excerpt":{"rendered":"<p>Le financement formation d\u2019un praticien non m\u00e9decin d\u00e9pend d\u2019abord du statut au moment de l\u2019inscription. Le CPF exige une formation r\u00e9ellement \u00e9ligible, l\u2019OPCO passe par l\u2019employeur, et Transitions Pro vise une reconversion salari\u00e9e structur\u00e9e. Qualiopi facilite l\u2019acc\u00e8s aux fonds, mais ne rend pas un cursus automatiquement finan\u00e7able. Ce relev\u00e9 traite des voies de financement accessibles [&hellip;]<\/p>\n","protected":false},"author":1,"featured_media":0,"comment_status":"open","ping_status":"closed","sticky":false,"template":"","format":"standard","meta":{"footnotes":""},"categories":[18],"tags":[],"class_list":["post-92","post","type-post","status-publish","format-standard","hentry","category-actualites-du-metier-de-praticien"],"_links":{"self":[{"href":"https:\/\/prosdelanature.fr\/blog\/wp-json\/wp\/v2\/posts\/92","targetHints":{"allow":["GET"]}}],"collection":[{"href":"https:\/\/prosdelanature.fr\/blog\/wp-json\/wp\/v2\/posts"}],"about":[{"href":"https:\/\/prosdelanature.fr\/blog\/wp-json\/wp\/v2\/types\/post"}],"author":[{"embeddable":true,"href":"https:\/\/prosdelanature.fr\/blog\/wp-json\/wp\/v2\/users\/1"}],"replies":[{"embeddable":true,"href":"https:\/\/prosdelanature.fr\/blog\/wp-json\/wp\/v2\/comments?post=92"}],"version-history":[{"count":0,"href":"https:\/\/prosdelanature.fr\/blog\/wp-json\/wp\/v2\/posts\/92\/revisions"}],"wp:attachment":[{"href":"https:\/\/prosdelanature.fr\/blog\/wp-json\/wp\/v2\/media?parent=92"}],"wp:term":[{"taxonomy":"category","embeddable":true,"href":"https:\/\/prosdelanature.fr\/blog\/wp-json\/wp\/v2\/categories?post=92"},{"taxonomy":"post_tag","embeddable":true,"href":"https:\/\/prosdelanature.fr\/blog\/wp-json\/wp\/v2\/tags?post=92"}],"curies":[{"name":"wp","href":"https:\/\/api.w.org\/{rel}","templated":true}]}}